{"id":31846,"date":"2014-05-12T06:40:28","date_gmt":"2014-05-12T12:40:28","guid":{"rendered":"http:\/\/elcronistadigital.com\/?p=31846"},"modified":"2014-05-12T06:40:28","modified_gmt":"2014-05-12T12:40:28","slug":"migrante-nica-lleva-detenido-nueve-meses-en-mexico","status":"publish","type":"post","link":"https:\/\/elcronistadigital.com\/?p=31846","title":{"rendered":"Migrante nica lleva detenido nueve meses en M\u00e9xico"},"content":{"rendered":"<p><a href=\"https:\/\/elcronistadigital.com\/?attachment_id=31847\" rel=\"attachment wp-att-31847\"><img loading=\"lazy\" decoding=\"async\" class=\"alignleft size-full wp-image-31847\" alt=\"migrantes presos\" src=\"https:\/\/elcronistadigital.com\/wp-content\/uploads\/2014\/05\/migrantes-presos.jpg\" width=\"380\" height=\"260\" srcset=\"https:\/\/elcronistadigital.com\/wp-content\/uploads\/2014\/05\/migrantes-presos.jpg 380w, https:\/\/elcronistadigital.com\/wp-content\/uploads\/2014\/05\/migrantes-presos-300x205.jpg 300w, https:\/\/elcronistadigital.com\/wp-content\/uploads\/2014\/05\/migrantes-presos-342x234.jpg 342w\" sizes=\"auto, (max-width: 380px) 100vw, 380px\" \/><\/a>Tres migrantes, dos de El Salvador y uno de Nicaragua, sufren deterioro emocional en una c\u00e1rcel de Tapachula, M\u00e9xico, tras permanecer all\u00ed m\u00e1s de nueve meses de manera injustificada. La identidad de los cautivos no fue dada a conocer.<\/p>\n<p>La situaci\u00f3n de dichos ciudadanos provoc\u00f3 la preocupaci\u00f3n del Grupo de Trabajo y Pol\u00edtica Migratoria y el Centro de Derechos Humanos Fray Mat\u00edas de C\u00f3rdova, que extern\u00f3 su preocupaci\u00f3n por la detenci\u00f3n injustificada e indefinida en la Estaci\u00f3n Migratoria Siglo XXI en Tapachula.<\/p>\n<p>Melisa V\u00e9rtiz Hern\u00e1ndez, Encargada de Incidencia del centro Fray Mat\u00edas de C\u00f3rdova, expres\u00f3 su preocupaci\u00f3n por el deterioro emocional de los tres inmigrantes centroamericanos, a quienes la Comisi\u00f3n Mexicana de Ayuda a Refugiados les neg\u00f3 refugio.<\/p>\n<p>La activista del Centro de Derechos Humanos exigi\u00f3 a las autoridades del Instituto Nacional de Migraci\u00f3n poner en libertad inmediata y adoptar medidas alternativas a la detenci\u00f3n arbitraria de los tres migrantes.<\/p>\n<p>De igual forma, pidi\u00f3 que les permitan documentar su caso en libertad o que les extiendan visas humanitarias.<\/p>\n","protected":false},"excerpt":{"rendered":"<p>Tres migrantes, dos de El Salvador y uno de Nicaragua, sufren deterioro emocional en una c\u00e1rcel de Tapachula, M\u00e9xico, tras permanecer all\u00ed m\u00e1s de nueve meses de manera injustificada. La identidad de los cautivos no fue dada a conocer. La situaci\u00f3n de dichos ciudadanos provoc\u00f3 la preocupaci\u00f3n del Grupo de Trabajo y Pol\u00edtica Migratoria y [&hellip;]<\/p>\n","protected":false},"author":1,"featured_media":31847,"comment_status":"open","ping_status":"open","sticky":false,"template":"","format":"standard","meta":{"om_disable_all_campaigns":false,"_monsterinsights_skip_tracking":false,"_monsterinsights_sitenote_active":false,"_monsterinsights_sitenote_note":"","_monsterinsights_sitenote_category":0,"footnotes":""},"categories":[16,3524],"tags":[],"class_list":["post-31846","post","type-post","status-publish","format-standard","has-post-thumbnail","hentry","category-migrante","category-noticas"],"aioseo_notices":[],"_links":{"self":[{"href":"https:\/\/elcronistadigital.com\/index.php?rest_route=\/wp\/v2\/posts\/31846","targetHints":{"allow":["GET"]}}],"collection":[{"href":"https:\/\/elcronistadigital.com\/index.php?rest_route=\/wp\/v2\/posts"}],"about":[{"href":"https:\/\/elcronistadigital.com\/index.php?rest_route=\/wp\/v2\/types\/post"}],"author":[{"embeddable":true,"href":"https:\/\/elcronistadigital.com\/index.php?rest_route=\/wp\/v2\/users\/1"}],"replies":[{"embeddable":true,"href":"https:\/\/elcronistadigital.com\/index.php?rest_route=%2Fwp%2Fv2%2Fcomments&post=31846"}],"version-history":[{"count":1,"href":"https:\/\/elcronistadigital.com\/index.php?rest_route=\/wp\/v2\/posts\/31846\/revisions"}],"predecessor-version":[{"id":31848,"href":"https:\/\/elcronistadigital.com\/index.php?rest_route=\/wp\/v2\/posts\/31846\/revisions\/31848"}],"wp:featuredmedia":[{"embeddable":true,"href":"https:\/\/elcronistadigital.com\/index.php?rest_route=\/wp\/v2\/media\/31847"}],"wp:attachment":[{"href":"https:\/\/elcronistadigital.com\/index.php?rest_route=%2Fwp%2Fv2%2Fmedia&parent=31846"}],"wp:term":[{"taxonomy":"category","embeddable":true,"href":"https:\/\/elcronistadigital.com\/index.php?rest_route=%2Fwp%2Fv2%2Fcategories&post=31846"},{"taxonomy":"post_tag","embeddable":true,"href":"https:\/\/elcronistadigital.com\/index.php?rest_route=%2Fwp%2Fv2%2Ftags&post=31846"}],"curies":[{"name":"wp","href":"https:\/\/api.w.org\/{rel}","templated":true}]}}