{"id":31930,"date":"2014-05-14T11:10:42","date_gmt":"2014-05-14T17:10:42","guid":{"rendered":"http:\/\/elcronistadigital.com\/?p=31930"},"modified":"2014-05-14T11:10:42","modified_gmt":"2014-05-14T17:10:42","slug":"las-autodefensas-se-hacen-gobierno","status":"publish","type":"post","link":"https:\/\/elcronistadigital.com\/?p=31930","title":{"rendered":"Las autodefensas se hacen gobierno"},"content":{"rendered":"<div id=\"attachment_31931\" style=\"width: 210px\" class=\"wp-caption alignleft\"><a href=\"https:\/\/elcronistadigital.com\/?attachment_id=31931\" rel=\"attachment wp-att-31931\"><img loading=\"lazy\" decoding=\"async\" aria-describedby=\"caption-attachment-31931\" class=\"size-medium wp-image-31931\" alt=\"Rub\u00e9n Aguilar Valenzuela.\" src=\"https:\/\/elcronistadigital.com\/wp-content\/uploads\/2014\/05\/Rub\u00e9n-Aguilar-Valenzuela2-200x300.jpg\" width=\"200\" height=\"300\" srcset=\"https:\/\/elcronistadigital.com\/wp-content\/uploads\/2014\/05\/Rub\u00e9n-Aguilar-Valenzuela2-200x300.jpg 200w, https:\/\/elcronistadigital.com\/wp-content\/uploads\/2014\/05\/Rub\u00e9n-Aguilar-Valenzuela2.jpg 299w\" sizes=\"auto, (max-width: 200px) 100vw, 200px\" \/><\/a><p id=\"caption-attachment-31931\" class=\"wp-caption-text\">Rub\u00e9n Aguilar Valenzuela.<\/p><\/div>\n<p>Rub\u00e9n Aguilar Valenzuela<\/p>\n<p>El 10 de mayo pasado, las autodefensas se pusieron el uniforme de la Fuerza Rural Estatal, para cumplir, en tiempo y forma, con lo acordado con el gobierno a trav\u00e9s de Alfredo Castillo, comisionado para la Seguridad y Desarrollo Integral de Michoac\u00e1n. Gana el gobierno y tambi\u00e9n las autodefensas. La organizaci\u00f3n, que surge en febrero del 2013, para combatir al c\u00e1rtel de Los Caballeros Templarios ante la incapacidad de los tres niveles de gobierno, no se desmoviliza, pero se transforma en un agrupamiento oficial que ahora es parte del gobierno, como afirma Estanislao Beltr\u00e1n, El Pitufo, uno de los dirigentes del movimiento. El agrupamiento surge con 450 efectivos que ahora llevan uniforme y dos armas; un fusil calibre .233 y una pistola de 9 mil\u00edmetros. Ya no portan las armas de uso exclusivo del Ej\u00e9rcito que tuvieron que registrar, pero no se les quitaron. Ahora tienen una credencial que los reconoce como integrantes de la Fuerza Rural del Estado.<\/p>\n<p>La nueva polic\u00eda se concentra en los municipios de Tepalcatepec y Buena Vista Tomatl\u00e1n, donde arranc\u00f3 el movimiento. En la ceremonia de presentaci\u00f3n, el comisionado les dio la responsabilidad de \u201cde defender a sus hermanos, a sus familias, a sus vecinos y a todo aquel que pueda ser agraviado por la delincuencia com\u00fan y organizada\u201d.<\/p>\n<p>Les dijo tambi\u00e9n que \u201choy, los que representan al Estado son ustedes\u201d y en un dejo de duda sobre la nueva fuerza les plante\u00f3 que depende de ellos \u201cque en un futuro, ll\u00e1mese un mes o 15 meses, no tengamos otras personas solicitando la presencia del Estado, porque consideran que ustedes no est\u00e1n respetando a las comunidades y a las familias\u201d.<\/p>\n<p>Los cuerpos de defensa rural, contemplados en la Ley Org\u00e1nica del Ej\u00e9rcito, dependen de la Secretar\u00eda de la Defensa Nacional (Sedena), pero la ahora Fuerza Rural Estatal de Michoac\u00e1n est\u00e1 a cargo de la Secretar\u00eda de Seguridad P\u00fablica (SSP) del estado. Est\u00e1 en la mesa de la discusi\u00f3n si estos nuevos polic\u00edas recibir\u00e1n un salario y las prestaciones de ley.<\/p>\n<p>Estanislao Beltr\u00e1n, a nombre de las autodefensas, agradeci\u00f3 al gobierno la decisi\u00f3n de legalizar el movimiento y expuso que \u201cnosotros ya podemos traer armas y eso es lo importante, no vamos a andar de ilegales y que en cualquier momento nos atrapen y nos lleven a la c\u00e1rcel por estar armados. Estamos en la legalidad y con ello ya tenemos un compromiso, somos parte del gobierno\u201d.<\/p>\n<p>Las autodefensas surgen como un aut\u00e9ntico movimiento ciudadano, para hacer frente la inseguridad en la zona de la Tierra Caliente de Michoac\u00e1n. Ellas enfrentan y hacen huir a Los Caballeros Templarios de la regi\u00f3n, lo que no pudieron hacer, por distintas razones, las fuerzas de seguridad de los tres niveles de gobierno. El problema de la inseguridad en Michoac\u00e1n no est\u00e1 resuelto y el reconocimiento formal de las autodefensas abona a la soluci\u00f3n del problema.<\/p>\n","protected":false},"excerpt":{"rendered":"<p>Rub\u00e9n Aguilar Valenzuela El 10 de mayo pasado, las autodefensas se pusieron el uniforme de la Fuerza Rural Estatal, para cumplir, en tiempo y forma, con lo acordado con el gobierno a trav\u00e9s de Alfredo Castillo, comisionado para la Seguridad y Desarrollo Integral de Michoac\u00e1n. Gana el gobierno y tambi\u00e9n las autodefensas. La organizaci\u00f3n, que [&hellip;]<\/p>\n","protected":false},"author":1,"featured_media":31931,"comment_status":"open","ping_status":"open","sticky":false,"template":"","format":"standard","meta":{"om_disable_all_campaigns":false,"_monsterinsights_skip_tracking":false,"_monsterinsights_sitenote_active":false,"_monsterinsights_sitenote_note":"","_monsterinsights_sitenote_category":0,"footnotes":""},"categories":[12],"tags":[],"class_list":["post-31930","post","type-post","status-publish","format-standard","has-post-thumbnail","hentry","category-blugs"],"aioseo_notices":[],"_links":{"self":[{"href":"https:\/\/elcronistadigital.com\/index.php?rest_route=\/wp\/v2\/posts\/31930","targetHints":{"allow":["GET"]}}],"collection":[{"href":"https:\/\/elcronistadigital.com\/index.php?rest_route=\/wp\/v2\/posts"}],"about":[{"href":"https:\/\/elcronistadigital.com\/index.php?rest_route=\/wp\/v2\/types\/post"}],"author":[{"embeddable":true,"href":"https:\/\/elcronistadigital.com\/index.php?rest_route=\/wp\/v2\/users\/1"}],"replies":[{"embeddable":true,"href":"https:\/\/elcronistadigital.com\/index.php?rest_route=%2Fwp%2Fv2%2Fcomments&post=31930"}],"version-history":[{"count":1,"href":"https:\/\/elcronistadigital.com\/index.php?rest_route=\/wp\/v2\/posts\/31930\/revisions"}],"predecessor-version":[{"id":31932,"href":"https:\/\/elcronistadigital.com\/index.php?rest_route=\/wp\/v2\/posts\/31930\/revisions\/31932"}],"wp:featuredmedia":[{"embeddable":true,"href":"https:\/\/elcronistadigital.com\/index.php?rest_route=\/wp\/v2\/media\/31931"}],"wp:attachment":[{"href":"https:\/\/elcronistadigital.com\/index.php?rest_route=%2Fwp%2Fv2%2Fmedia&parent=31930"}],"wp:term":[{"taxonomy":"category","embeddable":true,"href":"https:\/\/elcronistadigital.com\/index.php?rest_route=%2Fwp%2Fv2%2Fcategories&post=31930"},{"taxonomy":"post_tag","embeddable":true,"href":"https:\/\/elcronistadigital.com\/index.php?rest_route=%2Fwp%2Fv2%2Ftags&post=31930"}],"curies":[{"name":"wp","href":"https:\/\/api.w.org\/{rel}","templated":true}]}}