{"id":32237,"date":"2014-05-28T06:41:39","date_gmt":"2014-05-28T12:41:39","guid":{"rendered":"http:\/\/elcronistadigital.com\/?p=32237"},"modified":"2014-05-28T06:41:39","modified_gmt":"2014-05-28T12:41:39","slug":"51-por-ciento-de-electricidad-con-energias-renovables","status":"publish","type":"post","link":"https:\/\/elcronistadigital.com\/?p=32237","title":{"rendered":"51 por ciento de electricidad con energ\u00edas renovables"},"content":{"rendered":"<p><a href=\"https:\/\/elcronistadigital.com\/?attachment_id=32238\" rel=\"attachment wp-att-32238\"><img loading=\"lazy\" decoding=\"async\" class=\"alignleft size-medium wp-image-32238\" alt=\"Energ\u00eda solar y e\u00f3lica\" src=\"https:\/\/elcronistadigital.com\/wp-content\/uploads\/2014\/05\/Energ\u00eda-solar-y-e\u00f3lica-300x192.jpg\" width=\"300\" height=\"192\" srcset=\"https:\/\/elcronistadigital.com\/wp-content\/uploads\/2014\/05\/Energ\u00eda-solar-y-e\u00f3lica-300x192.jpg 300w, https:\/\/elcronistadigital.com\/wp-content\/uploads\/2014\/05\/Energ\u00eda-solar-y-e\u00f3lica-342x219.jpg 342w, https:\/\/elcronistadigital.com\/wp-content\/uploads\/2014\/05\/Energ\u00eda-solar-y-e\u00f3lica.jpg 600w\" sizes=\"auto, (max-width: 300px) 100vw, 300px\" \/><\/a>En 2013, Nicaragua gener\u00f3 el 51 por ciento de su electricidad con energ\u00edas renovables como la e\u00f3lica, geot\u00e9rmica e hidroel\u00e9ctrica, seg\u00fan la publicaci\u00f3n Revista E\u00f3lica y del Veh\u00edculo El\u00e9ctrico.<\/p>\n<p>En tanto, la publicaci\u00f3n oficial Energ\u00eda Limpia para Todos, del Ministerio de Energ\u00edas y Minas (MEM), pronto Nicaragua tendr\u00e1 cuatro nuevas centrales hidroel\u00e9ctricas.<\/p>\n<p>Dicha publicaci\u00f3n destaca que durante los primeros cinco meses de 2014, el MEM ha otorgado cuatro licencias para la generaci\u00f3n de energ\u00eda hidroel\u00e9ctrica a la empresa Hidroenergy de Nicaragua SA.<\/p>\n<p>Estos permisos corresponden a las centrales hidroel\u00e9ctricas Santa Elisa, que generar\u00eda 8.7 megavatios, y La Esperanza, que producir\u00eda siete megavatios, ambas son de Matagalpa.<\/p>\n<p>Las otras dos son El Mono, de 3.3 megavatios y La Colombina, que proyecta generar 4.2 megavatios en Jinotega.<\/p>\n<p>Estas peque\u00f1as centrales se suman a la gigantesca Tumar\u00edn, que proyecta una capacidad instalada de 253 megavatios, y cuyo acuerdo de ejecuci\u00f3n fue firmado por el Gobierno e inversionistas brasile\u00f1os en marzo pasado, para iniciar obras en el a\u00f1o en curso.<\/p>\n<p>En enero de 2014, Emilio Rappaccioli, ministro de Energ\u00eda y Minas, dijo durante una visita al proyecto hidroel\u00e9ctrico Hidropantasma, que al finalizar el a\u00f1o Nicaragua habr\u00e1 cambiado su matriz de generaci\u00f3n el\u00e9ctrica hasta en un 54 por ciento, a favor de las energ\u00edas renovables, con el beneficio de reducir a\u00fan m\u00e1s la utilizaci\u00f3n de combustibles f\u00f3siles.<\/p>\n","protected":false},"excerpt":{"rendered":"<p>En 2013, Nicaragua gener\u00f3 el 51 por ciento de su electricidad con energ\u00edas renovables como la e\u00f3lica, geot\u00e9rmica e hidroel\u00e9ctrica, seg\u00fan la publicaci\u00f3n Revista E\u00f3lica y del Veh\u00edculo El\u00e9ctrico. En tanto, la publicaci\u00f3n oficial Energ\u00eda Limpia para Todos, del Ministerio de Energ\u00edas y Minas (MEM), pronto Nicaragua tendr\u00e1 cuatro nuevas centrales hidroel\u00e9ctricas. Dicha publicaci\u00f3n destaca [&hellip;]<\/p>\n","protected":false},"author":1,"featured_media":32238,"comment_status":"open","ping_status":"open","sticky":false,"template":"","format":"standard","meta":{"om_disable_all_campaigns":false,"_monsterinsights_skip_tracking":false,"_monsterinsights_sitenote_active":false,"_monsterinsights_sitenote_note":"","_monsterinsights_sitenote_category":0,"footnotes":""},"categories":[3],"tags":[],"class_list":["post-32237","post","type-post","status-publish","format-standard","has-post-thumbnail","hentry","category-nacionales"],"aioseo_notices":[],"_links":{"self":[{"href":"https:\/\/elcronistadigital.com\/index.php?rest_route=\/wp\/v2\/posts\/32237","targetHints":{"allow":["GET"]}}],"collection":[{"href":"https:\/\/elcronistadigital.com\/index.php?rest_route=\/wp\/v2\/posts"}],"about":[{"href":"https:\/\/elcronistadigital.com\/index.php?rest_route=\/wp\/v2\/types\/post"}],"author":[{"embeddable":true,"href":"https:\/\/elcronistadigital.com\/index.php?rest_route=\/wp\/v2\/users\/1"}],"replies":[{"embeddable":true,"href":"https:\/\/elcronistadigital.com\/index.php?rest_route=%2Fwp%2Fv2%2Fcomments&post=32237"}],"version-history":[{"count":1,"href":"https:\/\/elcronistadigital.com\/index.php?rest_route=\/wp\/v2\/posts\/32237\/revisions"}],"predecessor-version":[{"id":32239,"href":"https:\/\/elcronistadigital.com\/index.php?rest_route=\/wp\/v2\/posts\/32237\/revisions\/32239"}],"wp:featuredmedia":[{"embeddable":true,"href":"https:\/\/elcronistadigital.com\/index.php?rest_route=\/wp\/v2\/media\/32238"}],"wp:attachment":[{"href":"https:\/\/elcronistadigital.com\/index.php?rest_route=%2Fwp%2Fv2%2Fmedia&parent=32237"}],"wp:term":[{"taxonomy":"category","embeddable":true,"href":"https:\/\/elcronistadigital.com\/index.php?rest_route=%2Fwp%2Fv2%2Fcategories&post=32237"},{"taxonomy":"post_tag","embeddable":true,"href":"https:\/\/elcronistadigital.com\/index.php?rest_route=%2Fwp%2Fv2%2Ftags&post=32237"}],"curies":[{"name":"wp","href":"https:\/\/api.w.org\/{rel}","templated":true}]}}