{"id":32284,"date":"2014-05-29T15:45:41","date_gmt":"2014-05-29T21:45:41","guid":{"rendered":"http:\/\/elcronistadigital.com\/?p=32284"},"modified":"2014-05-29T15:45:41","modified_gmt":"2014-05-29T21:45:41","slug":"la-oficina-de-comunicacion-presidencial-ideal-2","status":"publish","type":"post","link":"https:\/\/elcronistadigital.com\/?p=32284","title":{"rendered":"La oficina de comunicaci\u00f3n presidencial ideal"},"content":{"rendered":"<div id=\"attachment_32285\" style=\"width: 210px\" class=\"wp-caption alignleft\"><a href=\"https:\/\/elcronistadigital.com\/?attachment_id=32285\" rel=\"attachment wp-att-32285\"><img loading=\"lazy\" decoding=\"async\" aria-describedby=\"caption-attachment-32285\" class=\"size-medium wp-image-32285\" alt=\"Rub\u00e9n Aguilar Valenzuela.\" src=\"https:\/\/elcronistadigital.com\/wp-content\/uploads\/2014\/05\/Rub\u00e9n-Aguilar-Valenzuela6-200x300.jpg\" width=\"200\" height=\"300\" srcset=\"https:\/\/elcronistadigital.com\/wp-content\/uploads\/2014\/05\/Rub\u00e9n-Aguilar-Valenzuela6-200x300.jpg 200w, https:\/\/elcronistadigital.com\/wp-content\/uploads\/2014\/05\/Rub\u00e9n-Aguilar-Valenzuela6.jpg 299w\" sizes=\"auto, (max-width: 200px) 100vw, 200px\" \/><\/a><p id=\"caption-attachment-32285\" class=\"wp-caption-text\">Rub\u00e9n Aguilar Valenzuela.<\/p><\/div>\n<p>Rub\u00e9n Aguilar Valenzuela<br \/>\nParte II<\/p>\n<p>La asistencia a los gabinetes<br \/>\nLa pr\u00e1ctica revela que resulta muy \u00fatil que el coordinador se incorpore a las reuniones de los distintos gabinetes. Esto es con un doble prop\u00f3sito: estar informado de lo que ocurre y al mismo tiempo proponer la manera en que los temas ah\u00ed tratados se puedan manejar en t\u00e9rminos de comunicaci\u00f3n.<\/p>\n<p>Las giras presidenciales<br \/>\nConstituyen un espacio privilegiado para que el coordinador se re\u00fana con el Presidente y con otros integrantes del gabinete. Las largas horas de viajes se prestan para profundizar en el intercambio de ideas.<br \/>\nLa pr\u00e1ctica de asignar en las giras, nacionales e internacionales, dos o tres lugares para invitados del coordinador permite a \u00e9ste el di\u00e1logo con sus invitados que de otra manera ser\u00eda dif\u00edcil tener.<br \/>\nEn raz\u00f3n de su trabajo el coordinador no va a todas las giras, sobre todo las nacionales, para dedicar mayor tiempo al trabajo de la oficina. En ese caso la responsabilidad recae en el coordinador de prensa nacional, pero tambi\u00e9n puede ser otra persona del equipo.<\/p>\n<p>Prensa de los estados<br \/>\nLa coordinaci\u00f3n tiene un intenso trabajo de relaci\u00f3n y contacto con los medios de los estados. Les da la importancia que tienen. A los due\u00f1os, comentaristas y periodistas se les invita a las giras nacionales e internacionales. Hay un esfuerzo constante para garantizar que tengan toda la informaci\u00f3n que genera la Presidencia.<\/p>\n<p>El discurso y el informe presidencial<br \/>\nLa coordinaci\u00f3n es la responsable de elaborar los discursos del Presidente y prepara el mensaje pol\u00edtico del informe. Esto permite articular de manera m\u00e1s clara y consistente los mensajes comunicacionales en el marco de la estrategia a realizar y, a su vez, garantiza reforzar y subrayar lo que se quiere comunicar.<\/p>\n<p>Portavoz<br \/>\nEl coordinador act\u00faa tambi\u00e9n como portavoz de la Presidencia de la Rep\u00fablica y tiene, como sucede en otros pa\u00edses, una conferencia de prensa diaria para introducir en la agenda medi\u00e1tica los temas y posiciones del Ejecutivo y para responder a las dudas e inquietudes de la prensa. La figura del portavoz se inscribe en la l\u00f3gica de la transparencia y rendici\u00f3n de cuentas. Se tiene un \u00e1rea especializada en preparar la conferencia de prensa del portavoz presidencial.<\/p>\n<p>Los integrantes del equipo<br \/>\nEl equipo est\u00e1 integrado por profesionales de la comunicaci\u00f3n y por acad\u00e9micos con alto nivel de calificaci\u00f3n. Conviene que no vengan de la estructura partidaria. Lo que se exige es experiencia previa en el campo y un amplio conocimiento del funcionamiento de los medios.<\/p>\n<p>Las reuniones con el equipo<br \/>\nEl coordinador tiene una reuni\u00f3n diaria de no m\u00e1s de una hora con las cabezas de su equipo. \u00c9sta inicia con la discusi\u00f3n del documento de an\u00e1lisis de medios que el coordinador revis\u00f3 con el Presidente. En la sesi\u00f3n hay que analizar la cobertura medi\u00e1tica y tambi\u00e9n acordar, en sus grandes l\u00edneas, lo que se debe de hacer para responder a los medios y posicionar los temas que interesan a la Presidencia.<br \/>\nEn la reuni\u00f3n se discuten temas y toman decisiones de car\u00e1cter estrat\u00e9gico. Los problemas operativos de cada \u00e1rea de la coordinaci\u00f3n deben verse en reuniones privadas del coordinador con el responsable del \u00e1rea o su equipo. \u00c9ste debe mantener reuniones constantes, si es necesario diarias, con los responsables de las \u00e1reas para resolver cualquier problema o corregir cualquier falla que se presente.<\/p>\n<p>La relaci\u00f3n con los medios<br \/>\n\u00c9sta se organiza a partir de la tarea fundamental de la oficina, que es generar y difundir informaci\u00f3n. El encuentro con los due\u00f1os, editores y comentaristas debe versar sobre la informaci\u00f3n. Otro tema es captar c\u00f3mo ven los medios al Presidente y a su gobierno, y tambi\u00e9n el trabajo de la coordinaci\u00f3n.<br \/>\nEl pago de la publicidad, cuando la hay, es responsabilidad de las dependencias que contratan los tiempos y no de la coordinaci\u00f3n. El presupuesto que el gobierno federal y cada una de las dependencias invierten en medios tiene que ser p\u00fablico. El gobierno rinde cuentas y es transparente.<\/p>\n<p>La relaci\u00f3n con la fuente<br \/>\nSe da a partir de hacer todo lo posible para facilitar el trabajo de los integrantes de la fuente. \u00c9sa es una de las principales tareas de la coordinaci\u00f3n. Es tambi\u00e9n fundamental proporcionar toda la informaci\u00f3n que pidan y, en su caso, conceder las entrevistas que solicitan al Presidente, al coordinador o alg\u00fan otro medio del gabinete.<br \/>\nEn bien de la tarea que realiza la fuente y de los intereses de la coordinaci\u00f3n, se tiene que crear una cultura del respeto al off the record. En la medida en que las y los periodistas que acompa\u00f1an al Presidente lo conozcan m\u00e1s y tengan acceso a su manera de pensar, podr\u00e1n hacer una mejor cobertura. Hasta ahora esos encuentros han derivado en fracaso, pero hay que resolver el problema.<\/p>\n<p>La p\u00e1gina web<br \/>\nEl dise\u00f1o, contenido y alimentaci\u00f3n permanente es responsabilidad de la coordinaci\u00f3n. La p\u00e1gina, con sus propias caracter\u00edsticas, est\u00e1 en el marco de la estrategia general de comunicaci\u00f3n.<\/p>\n<p>Las nuevas tecnolog\u00edas<br \/>\nSe atienden y utilizan todas las nuevas tecnolog\u00edas. En ellas hace uso de la sintaxis propia de cada uno de esos medios. Est\u00e1 al tanto de la aparici\u00f3n de los nuevos mecanismos de comunicaci\u00f3n y genera la capacidad para hacer uso de ellos.<\/p>\n<p>Crisis y control de da\u00f1os<br \/>\nLa coordinaci\u00f3n tiene un mecanismo permanente para enfrentar la crisis. Lo mejor es mantener un cuarto de situaci\u00f3n permanente. \u00c9ste se constituye en la reuni\u00f3n diaria que el coordinador mantiene con su equipo. Si ah\u00ed se detectan problemas, se atienden de inmediato y si es necesario se crea un grupo especial. Si revienta una crisis no prevista es este mismo grupo, ya constituido, el que se hace cargo del problema.<\/p>\n<p>El an\u00e1lisis diario de la situaci\u00f3n de las dependencias en los medios act\u00faa tambi\u00e9n como un cuarto de situaci\u00f3n que se adelanta a los problemas. En todo caso debe existir uno o varios protocolos para reaccionar r\u00e1pidamente. En la crisis se involucra de inmediato a la dependencia relacionada con el tema.<\/p>\n<p>La evaluaci\u00f3n del trabajo<br \/>\nEn la evaluaci\u00f3n del desempe\u00f1o de la coordinaci\u00f3n est\u00e1n presentes, entre otros, tres grandes criterios que act\u00faan como indicadores: la presencia en los medios de los eventos y noticias que genera la Presidencia, el nivel de consenso y de disenso que tiene el Presidente y su gobierno, y el nivel de recordaci\u00f3n y aceptaci\u00f3n que tiene la ciudadan\u00eda en los temas que el gobierno quiere posicionar.<\/p>\n<p>Estructura de la oficina<br \/>\nLa oficina ideal se organiza con las siguientes \u00e1reas: s\u00edntesis y monitoreo de medios, an\u00e1lisis y propuestas, prensa nacional, radio y televisi\u00f3n, p\u00e1gina web y nuevas tecnolog\u00edas, prensa de los estados, prensa internacional, relaciones interinstitucionales, discursos y oficina del portavoz.<br \/>\nEl \u00e1rea de prensa nacional, en acuerdo con el Estado Mayor, se hace cargo de la log\u00edstica para el traslado de los periodistas y garantiza que \u00e9stos tengan las condiciones de trasmitir en cualquier lugar donde se encuentren. De esta \u00e1rea dependen tambi\u00e9n los fot\u00f3grafos que cubren al Presidente y tambi\u00e9n los esten\u00f3grafos que registran las distintas intervenciones de \u00e9ste.<br \/>\nLos equipos de CEPROPIE, que registran en video las acciones del Presidente, y el canal de televisi\u00f3n por el que se difunde esta producci\u00f3n, est\u00e1n a cargo del \u00e1rea de radio y televisi\u00f3n. Los textos que llevan la firma del Presidente y el mensaje pol\u00edtico del informe presidencial de todos los a\u00f1os son responsabilidad del \u00e1rea de discursos.<\/p>\n<p>Referencias:<br \/>\nEn la primera parte (Etc\u00e9tera, abril, 161) se tratan los temas: El marketing y la comunicaci\u00f3n gubernamental; El momento hist\u00f3rico; La democracia y libertad de expresi\u00f3n; El estilo personal del presidente; La concepci\u00f3n de la comunicaci\u00f3n; La estrategia de comunicaci\u00f3n; La agenda a posicionar; El lugar de la oficina; El coordinador y el presidente; El perfil del coordinador; Las reuniones con el presidente; La relaci\u00f3n con el staff y La relaci\u00f3n con las dependencias.<\/p>\n<p>En el Anexo 1 se presenta la estructura organizativa detallada (objetivos, productos, din\u00e1mica, personal&#8230;) de la coordinaci\u00f3n en el per\u00edodo julio del 2005 a noviembre de 2006. Pensamos que puede ser \u00fatil, a manera de ejemplo, para conocer a detalle c\u00f3mo se organiza la oficina.<\/p>\n","protected":false},"excerpt":{"rendered":"<p>Rub\u00e9n Aguilar Valenzuela Parte II La asistencia a los gabinetes La pr\u00e1ctica revela que resulta muy \u00fatil que el coordinador se incorpore a las reuniones de los distintos gabinetes. Esto es con un doble prop\u00f3sito: estar informado de lo que ocurre y al mismo tiempo proponer la manera en que los temas ah\u00ed tratados se [&hellip;]<\/p>\n","protected":false},"author":1,"featured_media":32285,"comment_status":"open","ping_status":"open","sticky":false,"template":"","format":"standard","meta":{"om_disable_all_campaigns":false,"_monsterinsights_skip_tracking":false,"_monsterinsights_sitenote_active":false,"_monsterinsights_sitenote_note":"","_monsterinsights_sitenote_category":0,"footnotes":""},"categories":[12],"tags":[],"class_list":["post-32284","post","type-post","status-publish","format-standard","has-post-thumbnail","hentry","category-blugs"],"aioseo_notices":[],"_links":{"self":[{"href":"https:\/\/elcronistadigital.com\/index.php?rest_route=\/wp\/v2\/posts\/32284","targetHints":{"allow":["GET"]}}],"collection":[{"href":"https:\/\/elcronistadigital.com\/index.php?rest_route=\/wp\/v2\/posts"}],"about":[{"href":"https:\/\/elcronistadigital.com\/index.php?rest_route=\/wp\/v2\/types\/post"}],"author":[{"embeddable":true,"href":"https:\/\/elcronistadigital.com\/index.php?rest_route=\/wp\/v2\/users\/1"}],"replies":[{"embeddable":true,"href":"https:\/\/elcronistadigital.com\/index.php?rest_route=%2Fwp%2Fv2%2Fcomments&post=32284"}],"version-history":[{"count":1,"href":"https:\/\/elcronistadigital.com\/index.php?rest_route=\/wp\/v2\/posts\/32284\/revisions"}],"predecessor-version":[{"id":32286,"href":"https:\/\/elcronistadigital.com\/index.php?rest_route=\/wp\/v2\/posts\/32284\/revisions\/32286"}],"wp:featuredmedia":[{"embeddable":true,"href":"https:\/\/elcronistadigital.com\/index.php?rest_route=\/wp\/v2\/media\/32285"}],"wp:attachment":[{"href":"https:\/\/elcronistadigital.com\/index.php?rest_route=%2Fwp%2Fv2%2Fmedia&parent=32284"}],"wp:term":[{"taxonomy":"category","embeddable":true,"href":"https:\/\/elcronistadigital.com\/index.php?rest_route=%2Fwp%2Fv2%2Fcategories&post=32284"},{"taxonomy":"post_tag","embeddable":true,"href":"https:\/\/elcronistadigital.com\/index.php?rest_route=%2Fwp%2Fv2%2Ftags&post=32284"}],"curies":[{"name":"wp","href":"https:\/\/api.w.org\/{rel}","templated":true}]}}