{"id":32318,"date":"2014-05-31T08:10:23","date_gmt":"2014-05-31T14:10:23","guid":{"rendered":"http:\/\/elcronistadigital.com\/?p=32318"},"modified":"2014-05-31T08:10:23","modified_gmt":"2014-05-31T14:10:23","slug":"costa-rica-protegera-a-las-nicaraguenses-migrantes","status":"publish","type":"post","link":"https:\/\/elcronistadigital.com\/?p=32318","title":{"rendered":"Costa Rica proteger\u00e1 a las nicarag\u00fcenses migrantes"},"content":{"rendered":"<p><a href=\"https:\/\/elcronistadigital.com\/?attachment_id=32319\" rel=\"attachment wp-att-32319\"><img loading=\"lazy\" decoding=\"async\" class=\"alignleft size-medium wp-image-32319\" alt=\"mujeres migrantes1\" src=\"https:\/\/elcronistadigital.com\/wp-content\/uploads\/2014\/05\/mujeres-migrantes1-300x228.jpg\" width=\"300\" height=\"228\" srcset=\"https:\/\/elcronistadigital.com\/wp-content\/uploads\/2014\/05\/mujeres-migrantes1-300x228.jpg 300w, https:\/\/elcronistadigital.com\/wp-content\/uploads\/2014\/05\/mujeres-migrantes1-1024x778.jpg 1024w, https:\/\/elcronistadigital.com\/wp-content\/uploads\/2014\/05\/mujeres-migrantes1-342x259.jpg 342w, https:\/\/elcronistadigital.com\/wp-content\/uploads\/2014\/05\/mujeres-migrantes1-60x45.jpg 60w, https:\/\/elcronistadigital.com\/wp-content\/uploads\/2014\/05\/mujeres-migrantes1-150x113.jpg 150w, https:\/\/elcronistadigital.com\/wp-content\/uploads\/2014\/05\/mujeres-migrantes1.jpg 1600w\" sizes=\"auto, (max-width: 300px) 100vw, 300px\" \/><\/a>La Organizaci\u00f3n Internacional para las Migraciones (OIM) inform\u00f3 este s\u00e1bado que Costa Rica ha puesto en pr\u00e1ctica un proyecto en la frontera con Nicaragua, con el fin de fortalecer el potencial de la migraci\u00f3n como factor de desarrollo.<\/p>\n<p>La iniciativa, instalada en el cant\u00f3n de Upala, al norte de Costa Rica, tiene el objetivo de promover la participaci\u00f3n comunitaria en la econom\u00eda local y proveer protecci\u00f3n y asistencia a las mujeres migrantes.<\/p>\n<p>El proyecto durar\u00e1 cerca de dos a\u00f1os y est\u00e1 financiado por la Uni\u00f3n Europea y la Agencia Suiza de Desarrollo Internacional, que a su vez aportar\u00e1n asesoramiento para dise\u00f1ar un sistema para la gesti\u00f3n de documentos migratorios.<\/p>\n<p>La OIM indic\u00f3, que tanto las mujeres como los ni\u00f1os que cruzan la frontera hacia Costa Rica en busca de trabajo, afrontan riesgos de abuso sexual, explotaci\u00f3n laboral, tr\u00e1fico de personas y el estigma asociado con la migraci\u00f3n irregular. Adem\u00e1s, tienen poco o nulo acceso a servicios de salud.<\/p>\n<p>El proyecto incluye el equipamiento de una \u201cCasa de Derechos de la Mujer\u201d, un centro de acogida para las que huyen de Nicaragua por la violencia dom\u00e9stica.<\/p>\n","protected":false},"excerpt":{"rendered":"<p>La Organizaci\u00f3n Internacional para las Migraciones (OIM) inform\u00f3 este s\u00e1bado que Costa Rica ha puesto en pr\u00e1ctica un proyecto en la frontera con Nicaragua, con el fin de fortalecer el potencial de la migraci\u00f3n como factor de desarrollo. La iniciativa, instalada en el cant\u00f3n de Upala, al norte de Costa Rica, tiene el objetivo de [&hellip;]<\/p>\n","protected":false},"author":1,"featured_media":32319,"comment_status":"open","ping_status":"open","sticky":false,"template":"","format":"standard","meta":{"om_disable_all_campaigns":false,"_monsterinsights_skip_tracking":false,"_monsterinsights_sitenote_active":false,"_monsterinsights_sitenote_note":"","_monsterinsights_sitenote_category":0,"footnotes":""},"categories":[16,3524],"tags":[],"class_list":["post-32318","post","type-post","status-publish","format-standard","has-post-thumbnail","hentry","category-migrante","category-noticas"],"aioseo_notices":[],"_links":{"self":[{"href":"https:\/\/elcronistadigital.com\/index.php?rest_route=\/wp\/v2\/posts\/32318","targetHints":{"allow":["GET"]}}],"collection":[{"href":"https:\/\/elcronistadigital.com\/index.php?rest_route=\/wp\/v2\/posts"}],"about":[{"href":"https:\/\/elcronistadigital.com\/index.php?rest_route=\/wp\/v2\/types\/post"}],"author":[{"embeddable":true,"href":"https:\/\/elcronistadigital.com\/index.php?rest_route=\/wp\/v2\/users\/1"}],"replies":[{"embeddable":true,"href":"https:\/\/elcronistadigital.com\/index.php?rest_route=%2Fwp%2Fv2%2Fcomments&post=32318"}],"version-history":[{"count":1,"href":"https:\/\/elcronistadigital.com\/index.php?rest_route=\/wp\/v2\/posts\/32318\/revisions"}],"predecessor-version":[{"id":32320,"href":"https:\/\/elcronistadigital.com\/index.php?rest_route=\/wp\/v2\/posts\/32318\/revisions\/32320"}],"wp:featuredmedia":[{"embeddable":true,"href":"https:\/\/elcronistadigital.com\/index.php?rest_route=\/wp\/v2\/media\/32319"}],"wp:attachment":[{"href":"https:\/\/elcronistadigital.com\/index.php?rest_route=%2Fwp%2Fv2%2Fmedia&parent=32318"}],"wp:term":[{"taxonomy":"category","embeddable":true,"href":"https:\/\/elcronistadigital.com\/index.php?rest_route=%2Fwp%2Fv2%2Fcategories&post=32318"},{"taxonomy":"post_tag","embeddable":true,"href":"https:\/\/elcronistadigital.com\/index.php?rest_route=%2Fwp%2Fv2%2Ftags&post=32318"}],"curies":[{"name":"wp","href":"https:\/\/api.w.org\/{rel}","templated":true}]}}