{"id":32365,"date":"2014-06-02T07:42:50","date_gmt":"2014-06-02T13:42:50","guid":{"rendered":"http:\/\/elcronistadigital.com\/?p=32365"},"modified":"2014-06-02T07:42:50","modified_gmt":"2014-06-02T13:42:50","slug":"la-tribu-rica-de-la-carretera-sur-y-sus-ballestas","status":"publish","type":"post","link":"https:\/\/elcronistadigital.com\/?p=32365","title":{"rendered":"La tribu rica de la carretera Sur y sus ballestas"},"content":{"rendered":"<p><a href=\"https:\/\/elcronistadigital.com\/?attachment_id=32366\" rel=\"attachment wp-att-32366\"><img loading=\"lazy\" decoding=\"async\" class=\"alignleft size-full wp-image-32366\" alt=\"ballestas 2\" src=\"https:\/\/elcronistadigital.com\/wp-content\/uploads\/2014\/06\/ballestas-2.jpg\" width=\"274\" height=\"184\" \/><\/a>* Refrescando la memoria\u2026 justicia para nuestros perros asesinados<\/p>\n<p>Dr. Enrique Rimbaud<\/p>\n<p>El pr\u00f3ximo mi\u00e9rcoles, 4 de junio, van a ser 60 d\u00edas desde que comenz\u00f3 todo. Una llamada en la madrugada, y un paciente, la \u201cCookie\u201d que llegaba a mi cl\u00ednica atravesada por una flecha.<\/p>\n<p>60 d\u00edas con un silencio irresponsable y negligente por parte de la Polic\u00eda Nacional, 60 d\u00edas sin respuestas v\u00e1lidas, 60 d\u00edas con solamente teatrales apariciones en rueda de prensa mostrando \u201callanamientos\u201d y alg\u00fan \u201cinvestigado\u201d solo para decir que nada tienen en concreto.<\/p>\n<p>Por lo que sabemos, se han requisado cantidades importantes de todo tipo de armas, nada deportivas por cierto, se han interrogado personas, se han entrevistado testigos, todo lo que har\u00eda presumir que ya tienen los datos que importan, que ya pueden decir qui\u00e9nes son los \u201cpresuntos\u201d culpables.<\/p>\n<p>Pero, aparentemente, puede m\u00e1s el poder econ\u00f3mico, social y pol\u00edtico que la sed de justicia del pueblo, que la angustia y el enojo del pueblo.<\/p>\n<p>Parece ser, de acuerdo a lo que dicen, que para vivir en la Carretera Sur, adem\u00e1s de tener mucho dinero para vivir y mantener esas regias casonas, y poseer dos o tres carros, es condici\u00f3n sine qua non tener ballesta. Ahora todo el mundo tiene ballesta, por lo menos por esas vecindades, confirmando que no tiene ballesta en Nicaragua quien quiere, sino quien puede.<\/p>\n<p>Creo que la Polic\u00eda Nacional deber\u00eda saber que ya no nos chupamos el dedo, que somos mayorcitos, y que no entendemos cu\u00e1l es el desespere por tapar el sol con un dedo, por mostrarnos una realidad que no es, por acusar un d\u00eda sin ton ni son y al otro d\u00eda descartar las culpas, por requisar decenas de armas y darle a todo el mundo certificados de que a ellos no les requisaron nada.<\/p>\n<p>Hoy fueron 8 perros asesinados, vilmente, por la mano certera de un tirador entrenado, no basta tener ballesta, hay que tener punter\u00eda adem\u00e1s. \u00bfMa\u00f1ana que va a ser? \u00bfLa salida de un colegio? \u00bfLa salida de una f\u00e1brica? \u00bfCaminantes nocturnos haciendo ejercicio? \u00bfEl patio de comidas de un mall?<\/p>\n<p>\u00a1Exigimos respuestas! \u00a1Exigimos que se informe a la poblaci\u00f3n qui\u00e9nes fueron los culpables de tama\u00f1a atrocidad! \u00a1Exigimos un proceso judicial con la m\u00e1xima de las condenas posibles!<\/p>\n<p>\u00a1Porque los animales nos importan!<\/p>\n<p>Cel. 88521488<br \/>\nerimbaud@gmail.com<\/p>\n","protected":false},"excerpt":{"rendered":"<p>* Refrescando la memoria\u2026 justicia para nuestros perros asesinados Dr. Enrique Rimbaud El pr\u00f3ximo mi\u00e9rcoles, 4 de junio, van a ser 60 d\u00edas desde que comenz\u00f3 todo. Una llamada en la madrugada, y un paciente, la \u201cCookie\u201d que llegaba a mi cl\u00ednica atravesada por una flecha. 60 d\u00edas con un silencio irresponsable y negligente por [&hellip;]<\/p>\n","protected":false},"author":1,"featured_media":32366,"comment_status":"open","ping_status":"open","sticky":false,"template":"","format":"standard","meta":{"om_disable_all_campaigns":false,"_monsterinsights_skip_tracking":false,"_monsterinsights_sitenote_active":false,"_monsterinsights_sitenote_note":"","_monsterinsights_sitenote_category":0,"footnotes":""},"categories":[12,3524],"tags":[3956,1017,3957],"class_list":["post-32365","post","type-post","status-publish","format-standard","has-post-thumbnail","hentry","category-blugs","category-noticas","tag-ballestas","tag-enrique-rimbaud","tag-perros-asesinados-en-nicaragua"],"aioseo_notices":[],"_links":{"self":[{"href":"https:\/\/elcronistadigital.com\/index.php?rest_route=\/wp\/v2\/posts\/32365","targetHints":{"allow":["GET"]}}],"collection":[{"href":"https:\/\/elcronistadigital.com\/index.php?rest_route=\/wp\/v2\/posts"}],"about":[{"href":"https:\/\/elcronistadigital.com\/index.php?rest_route=\/wp\/v2\/types\/post"}],"author":[{"embeddable":true,"href":"https:\/\/elcronistadigital.com\/index.php?rest_route=\/wp\/v2\/users\/1"}],"replies":[{"embeddable":true,"href":"https:\/\/elcronistadigital.com\/index.php?rest_route=%2Fwp%2Fv2%2Fcomments&post=32365"}],"version-history":[{"count":1,"href":"https:\/\/elcronistadigital.com\/index.php?rest_route=\/wp\/v2\/posts\/32365\/revisions"}],"predecessor-version":[{"id":32367,"href":"https:\/\/elcronistadigital.com\/index.php?rest_route=\/wp\/v2\/posts\/32365\/revisions\/32367"}],"wp:featuredmedia":[{"embeddable":true,"href":"https:\/\/elcronistadigital.com\/index.php?rest_route=\/wp\/v2\/media\/32366"}],"wp:attachment":[{"href":"https:\/\/elcronistadigital.com\/index.php?rest_route=%2Fwp%2Fv2%2Fmedia&parent=32365"}],"wp:term":[{"taxonomy":"category","embeddable":true,"href":"https:\/\/elcronistadigital.com\/index.php?rest_route=%2Fwp%2Fv2%2Fcategories&post=32365"},{"taxonomy":"post_tag","embeddable":true,"href":"https:\/\/elcronistadigital.com\/index.php?rest_route=%2Fwp%2Fv2%2Ftags&post=32365"}],"curies":[{"name":"wp","href":"https:\/\/api.w.org\/{rel}","templated":true}]}}