{"id":32400,"date":"2014-06-02T16:28:52","date_gmt":"2014-06-02T22:28:52","guid":{"rendered":"http:\/\/elcronistadigital.com\/?p=32400"},"modified":"2014-06-02T16:28:52","modified_gmt":"2014-06-02T22:28:52","slug":"obama-preocupado-por-ninos-migrantes-centroamericanos","status":"publish","type":"post","link":"https:\/\/elcronistadigital.com\/?p=32400","title":{"rendered":"Obama preocupado por ni\u00f1os migrantes centroamericanos"},"content":{"rendered":"<p><a href=\"https:\/\/elcronistadigital.com\/?attachment_id=32401\" rel=\"attachment wp-att-32401\"><img loading=\"lazy\" decoding=\"async\" class=\"alignleft size-medium wp-image-32401\" alt=\"barack-obama\" src=\"https:\/\/elcronistadigital.com\/wp-content\/uploads\/2014\/06\/barack-obama-300x191.jpg\" width=\"300\" height=\"191\" srcset=\"https:\/\/elcronistadigital.com\/wp-content\/uploads\/2014\/06\/barack-obama-300x191.jpg 300w, https:\/\/elcronistadigital.com\/wp-content\/uploads\/2014\/06\/barack-obama-342x217.jpg 342w, https:\/\/elcronistadigital.com\/wp-content\/uploads\/2014\/06\/barack-obama.jpg 623w\" sizes=\"auto, (max-width: 300px) 100vw, 300px\" \/><\/a>Washington.- El presidente de EE.UU., Barack Obama, anunci\u00f3 este lunes la formaci\u00f3n de un grupo de coordinaci\u00f3n entre agencias federales para afrontar la crisis humanitaria creada por el aumento de ni\u00f1os inmigrantes que cruzan solos la frontera, la mayor\u00eda de ellos procedentes de Centroam\u00e9rica.<\/p>\n<p>\u00abEl influjo de ni\u00f1os inmigrantes no acompa\u00f1ados en la frontera sur ha resultado en una situaci\u00f3n humanitaria urgente que requiere una respuesta federal coordinada y unificada\u00bb, dijo Obama en un memorando dirigido a las distintas agencias del Gobierno.<\/p>\n<p>El n\u00famero de ni\u00f1os que cruzan solos la frontera ha aumentado m\u00e1s de un 90% este a\u00f1o respecto al a\u00f1o pasado, y est\u00e1 creciendo la proporci\u00f3n de ni\u00f1as y de menores de 13 a\u00f1os que se entran al pa\u00eds sin la compa\u00f1\u00eda de un adulto, precis\u00f3 a los periodistas Cecilia Mu\u00f1oz, directora del Consejo de Pol\u00edtica Dom\u00e9stica de la Casa Blanca.<\/p>\n","protected":false},"excerpt":{"rendered":"<p>Washington.- El presidente de EE.UU., Barack Obama, anunci\u00f3 este lunes la formaci\u00f3n de un grupo de coordinaci\u00f3n entre agencias federales para afrontar la crisis humanitaria creada por el aumento de ni\u00f1os inmigrantes que cruzan solos la frontera, la mayor\u00eda de ellos procedentes de Centroam\u00e9rica. \u00abEl influjo de ni\u00f1os inmigrantes no acompa\u00f1ados en la frontera sur [&hellip;]<\/p>\n","protected":false},"author":1,"featured_media":32401,"comment_status":"open","ping_status":"open","sticky":false,"template":"","format":"standard","meta":{"om_disable_all_campaigns":false,"_monsterinsights_skip_tracking":false,"_monsterinsights_sitenote_active":false,"_monsterinsights_sitenote_note":"","_monsterinsights_sitenote_category":0,"footnotes":""},"categories":[16,3524],"tags":[],"class_list":["post-32400","post","type-post","status-publish","format-standard","has-post-thumbnail","hentry","category-migrante","category-noticas"],"aioseo_notices":[],"_links":{"self":[{"href":"https:\/\/elcronistadigital.com\/index.php?rest_route=\/wp\/v2\/posts\/32400","targetHints":{"allow":["GET"]}}],"collection":[{"href":"https:\/\/elcronistadigital.com\/index.php?rest_route=\/wp\/v2\/posts"}],"about":[{"href":"https:\/\/elcronistadigital.com\/index.php?rest_route=\/wp\/v2\/types\/post"}],"author":[{"embeddable":true,"href":"https:\/\/elcronistadigital.com\/index.php?rest_route=\/wp\/v2\/users\/1"}],"replies":[{"embeddable":true,"href":"https:\/\/elcronistadigital.com\/index.php?rest_route=%2Fwp%2Fv2%2Fcomments&post=32400"}],"version-history":[{"count":1,"href":"https:\/\/elcronistadigital.com\/index.php?rest_route=\/wp\/v2\/posts\/32400\/revisions"}],"predecessor-version":[{"id":32402,"href":"https:\/\/elcronistadigital.com\/index.php?rest_route=\/wp\/v2\/posts\/32400\/revisions\/32402"}],"wp:featuredmedia":[{"embeddable":true,"href":"https:\/\/elcronistadigital.com\/index.php?rest_route=\/wp\/v2\/media\/32401"}],"wp:attachment":[{"href":"https:\/\/elcronistadigital.com\/index.php?rest_route=%2Fwp%2Fv2%2Fmedia&parent=32400"}],"wp:term":[{"taxonomy":"category","embeddable":true,"href":"https:\/\/elcronistadigital.com\/index.php?rest_route=%2Fwp%2Fv2%2Fcategories&post=32400"},{"taxonomy":"post_tag","embeddable":true,"href":"https:\/\/elcronistadigital.com\/index.php?rest_route=%2Fwp%2Fv2%2Ftags&post=32400"}],"curies":[{"name":"wp","href":"https:\/\/api.w.org\/{rel}","templated":true}]}}