{"id":32432,"date":"2014-06-03T18:04:04","date_gmt":"2014-06-04T00:04:04","guid":{"rendered":"http:\/\/elcronistadigital.com\/?p=32432"},"modified":"2014-06-03T18:04:04","modified_gmt":"2014-06-04T00:04:04","slug":"nino-tico-sospechoso-de-tener-chikungunya","status":"publish","type":"post","link":"https:\/\/elcronistadigital.com\/?p=32432","title":{"rendered":"Ni\u00f1o tico sospechoso de tener \u201cchikungunya\u201d"},"content":{"rendered":"<p><a href=\"https:\/\/elcronistadigital.com\/?attachment_id=32433\" rel=\"attachment wp-att-32433\"><img loading=\"lazy\" decoding=\"async\" class=\"alignleft size-medium wp-image-32433\" alt=\"Aedes aegypti\" src=\"https:\/\/elcronistadigital.com\/wp-content\/uploads\/2014\/06\/Aedes-aegypti-300x202.jpg\" width=\"300\" height=\"202\" srcset=\"https:\/\/elcronistadigital.com\/wp-content\/uploads\/2014\/06\/Aedes-aegypti-300x202.jpg 300w, https:\/\/elcronistadigital.com\/wp-content\/uploads\/2014\/06\/Aedes-aegypti-342x230.jpg 342w, https:\/\/elcronistadigital.com\/wp-content\/uploads\/2014\/06\/Aedes-aegypti.jpg 400w\" sizes=\"auto, (max-width: 300px) 100vw, 300px\" \/><\/a>Un menor de tres a\u00f1os, vecino de La Cuesta, Costa Rica, est\u00e1 internado en el Hospital de Ciudad Neily pues se sospecha que pueda padecer el virus \u201cchikungunya\u201d tras una reciente visita que hizo con sus padres a Rep\u00fablica Dominicana.<\/p>\n<p>El caso ingres\u00f3 referido por un m\u00e9dico particular, confirm\u00f3 Roberto Castro C\u00f3rdoba, Jefe de la Unidad de An\u00e1lisis Permanente de Situaci\u00f3n de Salud, de la Direcci\u00f3n de Vigilancia de la Salud, del Ministerio de Salud, seg\u00fan el diario La Naci\u00f3n.<\/p>\n<p>El ni\u00f1o es hijo de un dominicano y una paname\u00f1a, quienes estuvieron de visita en Rep\u00fablica Dominicana en mayo anterior, explic\u00f3 Castro. Ese pa\u00eds caribe\u00f1o es uno de los que han registrado m\u00e1s enfermos por este virus.<\/p>\n<p>De acuerdo con noticias provenientes de la Dominicana, los casos sospechosos de fiebre \u201cchikungunya\u201d se duplicaron en las dos \u00faltimas semanas en todo el Caribe, especialmente en Rep\u00fablica Dominicana, donde la enfermedad transmitida por un zancudo ha afectado a unas 53.000 personas.<\/p>\n<p>Seg\u00fan explic\u00f3 Castro, en la casa en donde se quedaron en Dominicana hubo varios enfermos. La mam\u00e1 del menor tambi\u00e9n tuvo fiebre pero se descart\u00f3 que se tratara de este virus.<\/p>\n<p>Al ingresar a Costa Rica, el menor present\u00f3 fiebre y un sarpullido en la espalda -dos de los s\u00edntomas del virus Chikungunya-, por lo que la mam\u00e1 consult\u00f3 con un m\u00e9dico privado quien, a su vez, lo refiri\u00f3 al hospital de Ciudad Neily.<\/p>\n<p>\u00abEst\u00e1 ingresado en el hospital por precauci\u00f3n. Lo tienen en observaci\u00f3n. Por la evoluci\u00f3n del caso pareciera no ser Chikungunya, pero se han tomado las medidas de aislamiento por tratarse del primer caso eventual\u00bb, explic\u00f3 Castro.<\/p>\n<p>Al menor ya se le tomaron muestras de sangre para enviarlas a an\u00e1lisis a los Centros de Control y Prevenci\u00f3n de Enfermedades (CDC por sus siglas en ingl\u00e9s), de los Estados Unidos, pues aqu\u00ed y en los pa\u00edses de la regi\u00f3n a\u00fan no est\u00e1n los reactivos para realizar el diagn\u00f3stico.<\/p>\n<p>Costa Rica y las dem\u00e1s naciones centroamericanas est\u00e1n en alerta ante lo que parece el inevitable ingreso de este mal transmitido por los mosquitos Aedes aegypti (transmisor tambi\u00e9n del virus del dengue), y el Aedes albopictus.<\/p>\n<p>El \u201cchikungunya\u201d produce s\u00edntomas similares al dengue: fiebre y dolor corporal intenso. A diferencia del dengue, produce inmunidad permanente aunque en algunos casos se puede desarrollar artritis de forma cr\u00f3nica.<\/p>\n","protected":false},"excerpt":{"rendered":"<p>Un menor de tres a\u00f1os, vecino de La Cuesta, Costa Rica, est\u00e1 internado en el Hospital de Ciudad Neily pues se sospecha que pueda padecer el virus \u201cchikungunya\u201d tras una reciente visita que hizo con sus padres a Rep\u00fablica Dominicana. El caso ingres\u00f3 referido por un m\u00e9dico particular, confirm\u00f3 Roberto Castro C\u00f3rdoba, Jefe de la [&hellip;]<\/p>\n","protected":false},"author":1,"featured_media":32433,"comment_status":"open","ping_status":"open","sticky":false,"template":"","format":"standard","meta":{"om_disable_all_campaigns":false,"_monsterinsights_skip_tracking":false,"_monsterinsights_sitenote_active":false,"_monsterinsights_sitenote_note":"","_monsterinsights_sitenote_category":0,"footnotes":""},"categories":[7,3524],"tags":[],"class_list":["post-32432","post","type-post","status-publish","format-standard","has-post-thumbnail","hentry","category-salud-y-belleza","category-noticas"],"aioseo_notices":[],"_links":{"self":[{"href":"https:\/\/elcronistadigital.com\/index.php?rest_route=\/wp\/v2\/posts\/32432","targetHints":{"allow":["GET"]}}],"collection":[{"href":"https:\/\/elcronistadigital.com\/index.php?rest_route=\/wp\/v2\/posts"}],"about":[{"href":"https:\/\/elcronistadigital.com\/index.php?rest_route=\/wp\/v2\/types\/post"}],"author":[{"embeddable":true,"href":"https:\/\/elcronistadigital.com\/index.php?rest_route=\/wp\/v2\/users\/1"}],"replies":[{"embeddable":true,"href":"https:\/\/elcronistadigital.com\/index.php?rest_route=%2Fwp%2Fv2%2Fcomments&post=32432"}],"version-history":[{"count":1,"href":"https:\/\/elcronistadigital.com\/index.php?rest_route=\/wp\/v2\/posts\/32432\/revisions"}],"predecessor-version":[{"id":32434,"href":"https:\/\/elcronistadigital.com\/index.php?rest_route=\/wp\/v2\/posts\/32432\/revisions\/32434"}],"wp:featuredmedia":[{"embeddable":true,"href":"https:\/\/elcronistadigital.com\/index.php?rest_route=\/wp\/v2\/media\/32433"}],"wp:attachment":[{"href":"https:\/\/elcronistadigital.com\/index.php?rest_route=%2Fwp%2Fv2%2Fmedia&parent=32432"}],"wp:term":[{"taxonomy":"category","embeddable":true,"href":"https:\/\/elcronistadigital.com\/index.php?rest_route=%2Fwp%2Fv2%2Fcategories&post=32432"},{"taxonomy":"post_tag","embeddable":true,"href":"https:\/\/elcronistadigital.com\/index.php?rest_route=%2Fwp%2Fv2%2Ftags&post=32432"}],"curies":[{"name":"wp","href":"https:\/\/api.w.org\/{rel}","templated":true}]}}