{"id":32435,"date":"2014-06-04T06:30:25","date_gmt":"2014-06-04T12:30:25","guid":{"rendered":"http:\/\/elcronistadigital.com\/?p=32435"},"modified":"2014-06-04T06:30:25","modified_gmt":"2014-06-04T12:30:25","slug":"muestra-de-manuscritos-de-ruben-dario","status":"publish","type":"post","link":"https:\/\/elcronistadigital.com\/?p=32435","title":{"rendered":"Muestra de manuscritos de Rub\u00e9n Dar\u00edo"},"content":{"rendered":"<p><a href=\"https:\/\/elcronistadigital.com\/?attachment_id=32436\" rel=\"attachment wp-att-32436\"><img loading=\"lazy\" decoding=\"async\" class=\"alignleft size-full wp-image-32436\" alt=\"documentos Rub\u00e9n Dar\u00edo\" src=\"https:\/\/elcronistadigital.com\/wp-content\/uploads\/2014\/06\/documentos-Rub\u00e9n-Dar\u00edo.jpg\" width=\"300\" height=\"199\" \/><\/a>Una muestra de manuscritos y documentos personales del poeta nicarag\u00fcense Rub\u00e9n Dar\u00edo se encuentra expuesta en el Palacio de Cultura de Managua.<\/p>\n<p>El responsable de Comunicaci\u00f3n del Instituto Nacional de la Cultura, Emilio Zambrana, explic\u00f3 que la exposici\u00f3n est\u00e1 conformada por varios documentos y manuscritos personales del poeta, seg\u00fan Prensa Latina.<\/p>\n<p>Seg\u00fan Zambrana, esto permitir\u00e1 al p\u00fablico conocer y acercarse m\u00e1s a la vida y obra del autor de obras como Azul, Prosas Profanas y otros poemas.<\/p>\n<p>La presentaci\u00f3n estar\u00e1 abierta hasta finales de la semana en la Sala Dariana del mencionado Palacio, desde las 8 de la ma\u00f1ana y hasta las 5 de la tarde, hora local, indic\u00f3.<\/p>\n<p>Esta no es la primera exposici\u00f3n sobre documentos de quien es calificado como el \u201cPr\u00edncipe de las letras castellanas\u201d.<\/p>\n<p>A mediados de enero, los nicarag\u00fcenses pudieron apreciar una serie de cartas, documentos, archivos y fotograf\u00edas que se exhibieron en la ciudad de Le\u00f3n, a uno 90 kil\u00f3metros de Managua.<\/p>\n<p>La muestra, propiedad de la Biblioteca Hist\u00f3rica \u00abMarqu\u00e9s de Valdecilla\u00bb, de la Universidad Complutense de Madrid, tambi\u00e9n se present\u00f3 en marzo en esta capital.<\/p>\n<p>Dar\u00edo, quien es considerado el padre del Modernismo y el mayor exponente de la cultura nicarag\u00fcense, naci\u00f3 el 18 de enero de 1867 en Matagalpa, a unos 140 kil\u00f3metros de Managua, y muri\u00f3 pocos d\u00edas despu\u00e9s de cumplir los 49 a\u00f1os, el 6 de febrero de 1916, en Le\u00f3n, donde se encuentran sus restos.<\/p>\n","protected":false},"excerpt":{"rendered":"<p>Una muestra de manuscritos y documentos personales del poeta nicarag\u00fcense Rub\u00e9n Dar\u00edo se encuentra expuesta en el Palacio de Cultura de Managua. El responsable de Comunicaci\u00f3n del Instituto Nacional de la Cultura, Emilio Zambrana, explic\u00f3 que la exposici\u00f3n est\u00e1 conformada por varios documentos y manuscritos personales del poeta, seg\u00fan Prensa Latina. Seg\u00fan Zambrana, esto permitir\u00e1 [&hellip;]<\/p>\n","protected":false},"author":1,"featured_media":32436,"comment_status":"open","ping_status":"open","sticky":false,"template":"","format":"standard","meta":{"om_disable_all_campaigns":false,"_monsterinsights_skip_tracking":false,"_monsterinsights_sitenote_active":false,"_monsterinsights_sitenote_note":"","_monsterinsights_sitenote_category":0,"footnotes":""},"categories":[3,10],"tags":[],"class_list":["post-32435","post","type-post","status-publish","format-standard","has-post-thumbnail","hentry","category-nacionales","category-cultura"],"aioseo_notices":[],"_links":{"self":[{"href":"https:\/\/elcronistadigital.com\/index.php?rest_route=\/wp\/v2\/posts\/32435","targetHints":{"allow":["GET"]}}],"collection":[{"href":"https:\/\/elcronistadigital.com\/index.php?rest_route=\/wp\/v2\/posts"}],"about":[{"href":"https:\/\/elcronistadigital.com\/index.php?rest_route=\/wp\/v2\/types\/post"}],"author":[{"embeddable":true,"href":"https:\/\/elcronistadigital.com\/index.php?rest_route=\/wp\/v2\/users\/1"}],"replies":[{"embeddable":true,"href":"https:\/\/elcronistadigital.com\/index.php?rest_route=%2Fwp%2Fv2%2Fcomments&post=32435"}],"version-history":[{"count":2,"href":"https:\/\/elcronistadigital.com\/index.php?rest_route=\/wp\/v2\/posts\/32435\/revisions"}],"predecessor-version":[{"id":32438,"href":"https:\/\/elcronistadigital.com\/index.php?rest_route=\/wp\/v2\/posts\/32435\/revisions\/32438"}],"wp:featuredmedia":[{"embeddable":true,"href":"https:\/\/elcronistadigital.com\/index.php?rest_route=\/wp\/v2\/media\/32436"}],"wp:attachment":[{"href":"https:\/\/elcronistadigital.com\/index.php?rest_route=%2Fwp%2Fv2%2Fmedia&parent=32435"}],"wp:term":[{"taxonomy":"category","embeddable":true,"href":"https:\/\/elcronistadigital.com\/index.php?rest_route=%2Fwp%2Fv2%2Fcategories&post=32435"},{"taxonomy":"post_tag","embeddable":true,"href":"https:\/\/elcronistadigital.com\/index.php?rest_route=%2Fwp%2Fv2%2Ftags&post=32435"}],"curies":[{"name":"wp","href":"https:\/\/api.w.org\/{rel}","templated":true}]}}