{"id":32442,"date":"2014-06-04T07:25:04","date_gmt":"2014-06-04T13:25:04","guid":{"rendered":"http:\/\/elcronistadigital.com\/?p=32442"},"modified":"2014-06-04T07:25:04","modified_gmt":"2014-06-04T13:25:04","slug":"centroamerica-busca-enfrentar-unida-el-cambio-climatico","status":"publish","type":"post","link":"https:\/\/elcronistadigital.com\/?p=32442","title":{"rendered":"Centroam\u00e9rica busca enfrentar unida el cambio clim\u00e1tico"},"content":{"rendered":"<p><a href=\"https:\/\/elcronistadigital.com\/?attachment_id=32443\" rel=\"attachment wp-att-32443\"><img loading=\"lazy\" decoding=\"async\" class=\"alignleft size-medium wp-image-32443\" alt=\"cambio clim\u00e1tico\" src=\"https:\/\/elcronistadigital.com\/wp-content\/uploads\/2014\/06\/cambio-clim\u00e1tico-300x198.jpg\" width=\"300\" height=\"198\" srcset=\"https:\/\/elcronistadigital.com\/wp-content\/uploads\/2014\/06\/cambio-clim\u00e1tico-300x198.jpg 300w, https:\/\/elcronistadigital.com\/wp-content\/uploads\/2014\/06\/cambio-clim\u00e1tico-342x225.jpg 342w, https:\/\/elcronistadigital.com\/wp-content\/uploads\/2014\/06\/cambio-clim\u00e1tico.jpg 450w\" sizes=\"auto, (max-width: 300px) 100vw, 300px\" \/><\/a>Mar\u00eda Boa y Jos\u00e9 Urrea*<\/p>\n<p>El cambio clim\u00e1tico es una realidad para Centroam\u00e9rica, considerada un \u201cPunto Caliente\u201d en t\u00e9rminos de afectaciones por la variabilidad clim\u00e1tica. En los \u00faltimos a\u00f1os, la regi\u00f3n ha sido constantemente asediada por m\u00faltiples eventos clim\u00e1ticos intensos y extremos, como sequ\u00edas y huracanes, generando mayores retos y problem\u00e1ticas en la regi\u00f3n agravados por patrones insostenibles de producci\u00f3n, el inadecuado uso de la tierra y la deforestaci\u00f3n.<\/p>\n<p>El sector agropecuario es extremadamente vulnerable a la variabilidad clim\u00e1tica. Algunos de los impactos m\u00e1s relevantes son las alteraciones en la precipitaci\u00f3n, que modifican los periodos de cosecha y siembra, as\u00ed como aumentos en la temperatura, que propician la propagaci\u00f3n de plagas y enfermedades en los cultivos. Esta situaci\u00f3n pone en riesgo la seguridad alimentaria del 52% de la poblaci\u00f3n rural que depende de cultivos como el ma\u00edz y el frijol, en su mayor\u00eda sistemas en secano y por lo tanto, son altamente sensibles a la variabilidad clim\u00e1tica.<\/p>\n<p>El Consejo Agropecuario Centroamericano &#8211; CAC (conformado por representantes de los Ministerios de Agricultura de la regi\u00f3n) y el Programa de Investigaci\u00f3n en Cambio Clim\u00e1tico, Agricultura y Seguridad Alimentaria (CCAFS) desarrollan una agenda conjunta en la que buscan el fortalecimiento de la regi\u00f3n en t\u00e9rminos institucionales, cient\u00edficos y de gesti\u00f3n del riesgo clim\u00e1tico en el sector agr\u00edcola con miras a la reducci\u00f3n de la inseguridad alimentaria de la poblaci\u00f3n centroamericana.<\/p>\n<p>A su vez, el Centro Internacional de Agricultura Tropical (CIAT) suscribi\u00f3 en el a\u00f1o 2013 un convenio de cooperaci\u00f3n con el CAC, el cual CCAFS ha apoyado desde sus inicios. En el marco de este convenio, se desarroll\u00f3 una iniciativa con el fin de identificar el estado de los pa\u00edses centroamericanos en t\u00e9rminos de investigaci\u00f3n en cambio clim\u00e1tico, agricultura y seguridad alimentaria, el marco gubernamental y actores involucrados en torno a esta tem\u00e1tica, as\u00ed como la revisi\u00f3n de los principales impactos de la variabilidad clim\u00e1tica en el sector agropecuario y sus consecuencias en la seguridad alimentaria.<\/p>\n<p>La metodolog\u00eda utilizada para llevar a cabo la construcci\u00f3n de este documento se bas\u00f3 en la revisi\u00f3n de literatura y de informaci\u00f3n secundaria, as\u00ed como en la realizaci\u00f3n de entrevistas a algunos de los actores clave con respecto al tema en el pa\u00eds. El producto de esta iniciativa es una serie de ocho documentos, uno por cada pa\u00eds que resumen el estado del arte en cambio clim\u00e1tico, agricultura y seguridad alimentaria, realizados en conjunto con los enlaces t\u00e9cnicos del CAC, cient\u00edficos de CCAFS y CIAT.<\/p>\n<p>Adem\u00e1s del documento como resultado de este proceso, uno de los logros m\u00e1s significativos es el afianzamiento de los lazos de CCAFS con los Ministerios de Agricultura y de Medio Ambiente, as\u00ed como con varias instituciones del sector privado, academia y sociedad civil.<\/p>\n<p>De igual manera se est\u00e1 trabajando con los Ministerios de Agricultura de El Salvador, Rep\u00fablica Dominicana, Panam\u00e1, Nicaragua y Belice en la publicaci\u00f3n y difusi\u00f3n de los respectivos documentos.<\/p>\n<p>* CCAFS<\/p>\n","protected":false},"excerpt":{"rendered":"<p>Mar\u00eda Boa y Jos\u00e9 Urrea* El cambio clim\u00e1tico es una realidad para Centroam\u00e9rica, considerada un \u201cPunto Caliente\u201d en t\u00e9rminos de afectaciones por la variabilidad clim\u00e1tica. En los \u00faltimos a\u00f1os, la regi\u00f3n ha sido constantemente asediada por m\u00faltiples eventos clim\u00e1ticos intensos y extremos, como sequ\u00edas y huracanes, generando mayores retos y problem\u00e1ticas en la regi\u00f3n agravados [&hellip;]<\/p>\n","protected":false},"author":1,"featured_media":32443,"comment_status":"open","ping_status":"open","sticky":false,"template":"","format":"standard","meta":{"om_disable_all_campaigns":false,"_monsterinsights_skip_tracking":false,"_monsterinsights_sitenote_active":false,"_monsterinsights_sitenote_note":"","_monsterinsights_sitenote_category":0,"footnotes":""},"categories":[8,3524],"tags":[],"class_list":["post-32442","post","type-post","status-publish","format-standard","has-post-thumbnail","hentry","category-medio-ambiente","category-noticas"],"aioseo_notices":[],"_links":{"self":[{"href":"https:\/\/elcronistadigital.com\/index.php?rest_route=\/wp\/v2\/posts\/32442","targetHints":{"allow":["GET"]}}],"collection":[{"href":"https:\/\/elcronistadigital.com\/index.php?rest_route=\/wp\/v2\/posts"}],"about":[{"href":"https:\/\/elcronistadigital.com\/index.php?rest_route=\/wp\/v2\/types\/post"}],"author":[{"embeddable":true,"href":"https:\/\/elcronistadigital.com\/index.php?rest_route=\/wp\/v2\/users\/1"}],"replies":[{"embeddable":true,"href":"https:\/\/elcronistadigital.com\/index.php?rest_route=%2Fwp%2Fv2%2Fcomments&post=32442"}],"version-history":[{"count":1,"href":"https:\/\/elcronistadigital.com\/index.php?rest_route=\/wp\/v2\/posts\/32442\/revisions"}],"predecessor-version":[{"id":32444,"href":"https:\/\/elcronistadigital.com\/index.php?rest_route=\/wp\/v2\/posts\/32442\/revisions\/32444"}],"wp:featuredmedia":[{"embeddable":true,"href":"https:\/\/elcronistadigital.com\/index.php?rest_route=\/wp\/v2\/media\/32443"}],"wp:attachment":[{"href":"https:\/\/elcronistadigital.com\/index.php?rest_route=%2Fwp%2Fv2%2Fmedia&parent=32442"}],"wp:term":[{"taxonomy":"category","embeddable":true,"href":"https:\/\/elcronistadigital.com\/index.php?rest_route=%2Fwp%2Fv2%2Fcategories&post=32442"},{"taxonomy":"post_tag","embeddable":true,"href":"https:\/\/elcronistadigital.com\/index.php?rest_route=%2Fwp%2Fv2%2Ftags&post=32442"}],"curies":[{"name":"wp","href":"https:\/\/api.w.org\/{rel}","templated":true}]}}