{"id":32445,"date":"2014-06-04T07:42:35","date_gmt":"2014-06-04T13:42:35","guid":{"rendered":"http:\/\/elcronistadigital.com\/?p=32445"},"modified":"2014-06-04T07:42:35","modified_gmt":"2014-06-04T13:42:35","slug":"que-el-amanecer-deje-de-ser-una-tentacion","status":"publish","type":"post","link":"https:\/\/elcronistadigital.com\/?p=32445","title":{"rendered":"Que el amanecer deje de ser una tentaci\u00f3n"},"content":{"rendered":"<div id=\"attachment_32446\" style=\"width: 235px\" class=\"wp-caption alignleft\"><a href=\"https:\/\/elcronistadigital.com\/?attachment_id=32446\" rel=\"attachment wp-att-32446\"><img loading=\"lazy\" decoding=\"async\" aria-describedby=\"caption-attachment-32446\" class=\"size-full wp-image-32446\" alt=\"Salvador S\u00e1nchez Cer\u00e9n, presidente de El Salvador.\" src=\"https:\/\/elcronistadigital.com\/wp-content\/uploads\/2014\/06\/salvador-s\u00e1nchez-cer\u00e9n.jpg\" width=\"225\" height=\"224\" srcset=\"https:\/\/elcronistadigital.com\/wp-content\/uploads\/2014\/06\/salvador-s\u00e1nchez-cer\u00e9n.jpg 225w, https:\/\/elcronistadigital.com\/wp-content\/uploads\/2014\/06\/salvador-s\u00e1nchez-cer\u00e9n-150x150.jpg 150w, https:\/\/elcronistadigital.com\/wp-content\/uploads\/2014\/06\/salvador-s\u00e1nchez-cer\u00e9n-50x50.jpg 50w, https:\/\/elcronistadigital.com\/wp-content\/uploads\/2014\/06\/salvador-s\u00e1nchez-cer\u00e9n-70x70.jpg 70w, https:\/\/elcronistadigital.com\/wp-content\/uploads\/2014\/06\/salvador-s\u00e1nchez-cer\u00e9n-55x55.jpg 55w\" sizes=\"auto, (max-width: 225px) 100vw, 225px\" \/><\/a><p id=\"caption-attachment-32446\" class=\"wp-caption-text\">Salvador S\u00e1nchez Cer\u00e9n, presidente de El Salvador.<\/p><\/div>\n<p>Mauricio Silva<br \/>\nEl Faro<\/p>\n<p>En los primeros a\u00f1os despu\u00e9s del triunfo sandinista en Nicaragua (1979) se ve\u00edan pancartas con la frase del comandante Tom\u00e1s Borge: \u201cEl amanecer dej\u00f3 de ser una tentaci\u00f3n\u201d. El amanecer es el momento en que se pasa de la noche al d\u00eda, de la oscuridad a la luz. Para Nicaragua se hab\u00eda completado un paso necesario, y ese logro implicaba que ya la tentaci\u00f3n de la lucha no exist\u00eda, se entraba en una nueva etapa, una etapa de construcci\u00f3n de una nueva sociedad, lo que hasta entonces no hab\u00eda sido posible por la dictadura de Somoza. Desgraciadamente para ese pa\u00eds la lucha continu\u00f3 con resultados negativos para todos, con costos que todav\u00eda ahora Nicaragua est\u00e1 pagando. La oposici\u00f3n no acept\u00f3 un cambio necesario, los E.U.A. se involucraron en asuntos internos y los sandinistas radicalizaron posiciones.<\/p>\n<p>El triunfo del FMLN en las urnas y el gobierno de S\u00e1nchez Cer\u00e9n que ahora comienza presentan una oportunidad similar \u2013 aunque con importantes diferencias &#8211; para nuestro pa\u00eds; una oportunidad para construir un pa\u00eds diferente, un pa\u00eds m\u00e1s justo, m\u00e1s democr\u00e1tico, m\u00e1s sostenible; un pa\u00eds donde la persona humana sea la base del desarrollo, donde la reducci\u00f3n de la pobreza y el respeto a los derechos humanos b\u00e1sicos sean nuestras metas. Ello se puede lograr. Tambi\u00e9n nos puede ir mal como le fue a Nicaragua en su primer intento.<\/p>\n<p>La necesidad de ese cambio es obvia, se refleja en todos nuestros indicadores, una mayor\u00eda de poblaci\u00f3n viviendo en pobreza, altos grados de violencia, muy poco respeto a los derechos del otro, derechos b\u00e1sicos que reci\u00e9n empiezan a ser accesibles para muchos como la libertad de expresi\u00f3n, derechos de la mujer, salud y educaci\u00f3n b\u00e1sicas; un medio ambiente cada vez m\u00e1s d\u00e9bil y una econom\u00eda que no logra despejar y muy dependiente.<\/p>\n<p>Este momento de nuestra historia se presenta como una oportunidad porque las condiciones est\u00e1n dadas para que se d\u00e9 un cambio. El FMLN es una fuerza pol\u00edtica externa al c\u00edrculo de poder que ha gobernado nuestro pa\u00eds por d\u00e9cadas; S\u00e1nchez Cer\u00e9n es una persona que ha sido honrada, humilde, que ha dedicado su vida a luchar por un mejor El Salvador, ha demostrado &#8211; y puede ser &#8211; un buen l\u00edder; contrario a lo que le sucedi\u00f3 al FSLN en Nicaragua, el FMLN ha tenido oportunidad de aprender a gobernar y ejercer la administraci\u00f3n p\u00fablica en los gobiernos locales, la Asamblea Legislativa y en la administraci\u00f3n de Funes; los programas sociales reci\u00e9n incorporados hacen expl\u00edcitas las demandas y necesidades sociales, las finanzas p\u00fablicas deben ahora cubrir tambi\u00e9n esos gastos; existe una crisis econ\u00f3mica y financiera, aunque con perspectivas positivas en el mediano plazo.<\/p>\n<p>Para que ese cambio se d\u00e9 todos debemos aportar. El FMLN debe ser magn\u00e1nimo en la victoria, gobernando para todos, reconociendo que es un pa\u00eds heterog\u00e9neo, con grandes necesidades y limitaciones, pero tambi\u00e9n con grandes potenciales. Lo que lleva a la necesidad de tener claras prioridades y principios b\u00e1sicos en los cuales no se puede ceder. Su lucha siempre ha sido por los pobres &#8211; por reducir la pobreza, por lograr el respeto a los derechos b\u00e1sicos, por menor dependencia pol\u00edtica y econ\u00f3mica, por representar y dar voz a los sin voz, esas deber\u00edan ser sus prioridades. Gobernar para todos significa ser transparente, conciliador, buscando consenso, pero tambi\u00e9n significa decidir, incluso imponer el cambio.<\/p>\n<p>La oposici\u00f3n debe aceptar ese cambio, la votaci\u00f3n lo reflej\u00f3 como el deseo de una mayor\u00eda, pero tambi\u00e9n el fracaso de los modelos que hasta ahora se han impulsado lo hacen necesario. Un cambio que implica un nuevo balance de poder, una separaci\u00f3n de poderes, una reducci\u00f3n de las inequidades &#8211; especialmente las econ\u00f3micas y de justicia; un respeto a la ley por todos y la igualdad ante la ley de todos los salvadore\u00f1os; de reconocer la deuda social y pagar por ella; de dialogar y aportar al desarrollo. El empresariado tiene mucho que ganar si se logra mayor estabilidad, si el pa\u00eds crece, pero para crecer y lograr estabilidad se debe crecer con mayor equidad. No es posible terminar con la violencia sin atacar la pobreza.<\/p>\n<p>La Nicaragua de ahora logr\u00f3 entablar el di\u00e1logo, conciliar intereses comunes y le ha ido bastante mejor que en el primer gobierno sandinista, ha tenido un crecimiento econ\u00f3mico superior al promedio de la regi\u00f3n y ha controlado la violencia. Sin embargo, hay mucho camino todav\u00eda que recorrer en la lucha contra la pobreza, la igualdad ante la ley y la transparencia.<\/p>\n<p>Si no dialogamos, si todos queremos mantener nuestros privilegios sin ceder nada, si no se ejerce un liderazgo claro y firme, si no nos unimos contra la violencia y la pobreza, El Salvador seguir\u00e1 cambiando un poco para no cambiar nada. Solo si todos aportamos, si nos unimos a trav\u00e9s del di\u00e1logo, podemos evitar lo que sucedi\u00f3 en Nicaragua hace unas tres d\u00e9cadas; solo si hacemos un cambio basado en la igualdad y la justicia para todos, lograremos que el amanecer deje de ser una tentaci\u00f3n.<\/p>\n","protected":false},"excerpt":{"rendered":"<p>Mauricio Silva El Faro En los primeros a\u00f1os despu\u00e9s del triunfo sandinista en Nicaragua (1979) se ve\u00edan pancartas con la frase del comandante Tom\u00e1s Borge: \u201cEl amanecer dej\u00f3 de ser una tentaci\u00f3n\u201d. El amanecer es el momento en que se pasa de la noche al d\u00eda, de la oscuridad a la luz. Para Nicaragua se [&hellip;]<\/p>\n","protected":false},"author":1,"featured_media":0,"comment_status":"open","ping_status":"open","sticky":false,"template":"","format":"standard","meta":{"om_disable_all_campaigns":false,"_monsterinsights_skip_tracking":false,"_monsterinsights_sitenote_active":false,"_monsterinsights_sitenote_note":"","_monsterinsights_sitenote_category":0,"footnotes":""},"categories":[12],"tags":[],"class_list":["post-32445","post","type-post","status-publish","format-standard","hentry","category-blugs"],"aioseo_notices":[],"_links":{"self":[{"href":"https:\/\/elcronistadigital.com\/index.php?rest_route=\/wp\/v2\/posts\/32445","targetHints":{"allow":["GET"]}}],"collection":[{"href":"https:\/\/elcronistadigital.com\/index.php?rest_route=\/wp\/v2\/posts"}],"about":[{"href":"https:\/\/elcronistadigital.com\/index.php?rest_route=\/wp\/v2\/types\/post"}],"author":[{"embeddable":true,"href":"https:\/\/elcronistadigital.com\/index.php?rest_route=\/wp\/v2\/users\/1"}],"replies":[{"embeddable":true,"href":"https:\/\/elcronistadigital.com\/index.php?rest_route=%2Fwp%2Fv2%2Fcomments&post=32445"}],"version-history":[{"count":1,"href":"https:\/\/elcronistadigital.com\/index.php?rest_route=\/wp\/v2\/posts\/32445\/revisions"}],"predecessor-version":[{"id":32447,"href":"https:\/\/elcronistadigital.com\/index.php?rest_route=\/wp\/v2\/posts\/32445\/revisions\/32447"}],"wp:attachment":[{"href":"https:\/\/elcronistadigital.com\/index.php?rest_route=%2Fwp%2Fv2%2Fmedia&parent=32445"}],"wp:term":[{"taxonomy":"category","embeddable":true,"href":"https:\/\/elcronistadigital.com\/index.php?rest_route=%2Fwp%2Fv2%2Fcategories&post=32445"},{"taxonomy":"post_tag","embeddable":true,"href":"https:\/\/elcronistadigital.com\/index.php?rest_route=%2Fwp%2Fv2%2Ftags&post=32445"}],"curies":[{"name":"wp","href":"https:\/\/api.w.org\/{rel}","templated":true}]}}