{"id":32449,"date":"2014-06-04T14:55:58","date_gmt":"2014-06-04T20:55:58","guid":{"rendered":"http:\/\/elcronistadigital.com\/?p=32449"},"modified":"2014-06-04T14:55:58","modified_gmt":"2014-06-04T20:55:58","slug":"el-salvador-la-guerrilla-al-poder","status":"publish","type":"post","link":"https:\/\/elcronistadigital.com\/?p=32449","title":{"rendered":"El Salvador: la guerrilla al poder"},"content":{"rendered":"<div id=\"attachment_32450\" style=\"width: 210px\" class=\"wp-caption alignleft\"><a href=\"https:\/\/elcronistadigital.com\/?attachment_id=32450\" rel=\"attachment wp-att-32450\"><img loading=\"lazy\" decoding=\"async\" aria-describedby=\"caption-attachment-32450\" class=\"size-medium wp-image-32450\" alt=\"Rub\u00e9n Aguilar Valenzuela.\" src=\"https:\/\/elcronistadigital.com\/wp-content\/uploads\/2014\/06\/Rub\u00e9n-Aguilar-Valenzuela1-200x300.jpg\" width=\"200\" height=\"300\" srcset=\"https:\/\/elcronistadigital.com\/wp-content\/uploads\/2014\/06\/Rub\u00e9n-Aguilar-Valenzuela1-200x300.jpg 200w, https:\/\/elcronistadigital.com\/wp-content\/uploads\/2014\/06\/Rub\u00e9n-Aguilar-Valenzuela1.jpg 299w\" sizes=\"auto, (max-width: 200px) 100vw, 200px\" \/><\/a><p id=\"caption-attachment-32450\" class=\"wp-caption-text\">Rub\u00e9n Aguilar Valenzuela.<\/p><\/div>\n<p>Rub\u00e9n Aguilar Valenzuela<\/p>\n<p>San Salvador. El comandante Leonel, Salvador S\u00e1nchez Cer\u00e9n (70), dirigente hist\u00f3rico de la guerrilla, asumi\u00f3 la presidencia de El Salvador el pasado primero de junio. En 1992, despu\u00e9s de la firma de la paz entre el gobierno y la guerrilla, en el Castillo de Chapultepec, \u00e9sta se convirti\u00f3 en partido.<\/p>\n<p>El Frente Farabundo Mart\u00ed para la Liberaci\u00f3n Nacional (FMLN) se hizo por primera vez de la presidencia en el 2009 con el periodista Mauricio Funes (55). En esa ocasi\u00f3n, la Alianza Republicana Nacionalista (Arena) fue derrotada despu\u00e9s de ganar la presidencia en todas las elecciones posteriores a la firma de la paz.<\/p>\n<p>Funes termina su mandato con gran aceptaci\u00f3n, m\u00e1s de 70%, que logra con una serie de programas sociales (uniformes y zapatos para escolares, vaso de leche), que tienen gran aceptaci\u00f3n en la poblaci\u00f3n. Su gesti\u00f3n y el trabajo del FMLN permiten la llegada a la presidencia de un cuadro hist\u00f3rico. Antes, en el intento, fracasaron otros comandantes.<\/p>\n<p>El presidente, en su primer mensaje al pa\u00eds, en tono conciliador, reconoci\u00f3 a los guerrilleros que perdieron la vida en la lucha, pero tambi\u00e9n a los soldados que cayeron en el cumplimiento de su deber. En su intervenci\u00f3n, dej\u00f3 en claro que ser\u00e1 un presidente para todos, en un pa\u00eds que despu\u00e9s de 12 a\u00f1os de guerra y 100,000 muertos, todav\u00eda no termina de reconciliarse.<\/p>\n<p>S\u00e1nchez Cer\u00e9n, que reconoci\u00f3 los problemas que vive el pa\u00eds, se comprometi\u00f3 a gobernar con honradez, austeridad, eficiencia y transparencia. Reiter\u00f3, una y otra vez, que s\u00f3lo en la unidad pueden crecer. El sector empresarial y las fuerzas pol\u00edticas, incluida Arena, recibieron bien su mensaje, en el que enfatiz\u00f3 la importancia que tiene para su pa\u00eds la relaci\u00f3n con Estados Unidos, donde viven 2 millones de salvadore\u00f1os.<\/p>\n<p>El triunfo del nuevo presidente fue por 6,000 votos, 0.22%, y est\u00e1 obligado a tomar en cuenta al otro 49.78% que no vot\u00f3 por \u00e9l. El \u00e9xito de su gesti\u00f3n depende no s\u00f3lo de ofrecer buenos resultados, sino tambi\u00e9n de la manera como se relacione con los sectores que decidieron no votar por el FMLN.<\/p>\n<p>En los 80, particip\u00e9 en las Fuerzas Populares de Liberaci\u00f3n (FPL) Farabundo Mart\u00ed, que ten\u00eda como responsable al comandante Leonel. En ocasiones trabaj\u00e9 de manera directa bajo su mando y particip\u00e9 en un colectivo de militancia coordinado por \u00e9l. La toma de posesi\u00f3n fue una oportunidad para volver a encontrarme con viejos amigos de lucha.<\/p>\n<p>Fue tambi\u00e9n ocasi\u00f3n para ver el inter\u00e9s que el secretario Jos\u00e9 Antonio Meade y la subsecretaria Vanessa Rubio tienen para que mejore la relaci\u00f3n con Centroam\u00e9rica. Espero sus esfuerzos fructifiquen. Desde la guerra mantengo una relaci\u00f3n cercana y permanente con la regi\u00f3n, en particular con El Salvador, y estoy convencido de que M\u00e9xico, en la l\u00f3gica de su propio inter\u00e9s, debe estar m\u00e1s presente en el \u00e1rea.<\/p>\n","protected":false},"excerpt":{"rendered":"<p>Rub\u00e9n Aguilar Valenzuela San Salvador. El comandante Leonel, Salvador S\u00e1nchez Cer\u00e9n (70), dirigente hist\u00f3rico de la guerrilla, asumi\u00f3 la presidencia de El Salvador el pasado primero de junio. En 1992, despu\u00e9s de la firma de la paz entre el gobierno y la guerrilla, en el Castillo de Chapultepec, \u00e9sta se convirti\u00f3 en partido. El Frente [&hellip;]<\/p>\n","protected":false},"author":1,"featured_media":32450,"comment_status":"open","ping_status":"open","sticky":false,"template":"","format":"standard","meta":{"om_disable_all_campaigns":false,"_monsterinsights_skip_tracking":false,"_monsterinsights_sitenote_active":false,"_monsterinsights_sitenote_note":"","_monsterinsights_sitenote_category":0,"footnotes":""},"categories":[12],"tags":[],"class_list":["post-32449","post","type-post","status-publish","format-standard","has-post-thumbnail","hentry","category-blugs"],"aioseo_notices":[],"_links":{"self":[{"href":"https:\/\/elcronistadigital.com\/index.php?rest_route=\/wp\/v2\/posts\/32449","targetHints":{"allow":["GET"]}}],"collection":[{"href":"https:\/\/elcronistadigital.com\/index.php?rest_route=\/wp\/v2\/posts"}],"about":[{"href":"https:\/\/elcronistadigital.com\/index.php?rest_route=\/wp\/v2\/types\/post"}],"author":[{"embeddable":true,"href":"https:\/\/elcronistadigital.com\/index.php?rest_route=\/wp\/v2\/users\/1"}],"replies":[{"embeddable":true,"href":"https:\/\/elcronistadigital.com\/index.php?rest_route=%2Fwp%2Fv2%2Fcomments&post=32449"}],"version-history":[{"count":1,"href":"https:\/\/elcronistadigital.com\/index.php?rest_route=\/wp\/v2\/posts\/32449\/revisions"}],"predecessor-version":[{"id":32451,"href":"https:\/\/elcronistadigital.com\/index.php?rest_route=\/wp\/v2\/posts\/32449\/revisions\/32451"}],"wp:featuredmedia":[{"embeddable":true,"href":"https:\/\/elcronistadigital.com\/index.php?rest_route=\/wp\/v2\/media\/32450"}],"wp:attachment":[{"href":"https:\/\/elcronistadigital.com\/index.php?rest_route=%2Fwp%2Fv2%2Fmedia&parent=32449"}],"wp:term":[{"taxonomy":"category","embeddable":true,"href":"https:\/\/elcronistadigital.com\/index.php?rest_route=%2Fwp%2Fv2%2Fcategories&post=32449"},{"taxonomy":"post_tag","embeddable":true,"href":"https:\/\/elcronistadigital.com\/index.php?rest_route=%2Fwp%2Fv2%2Ftags&post=32449"}],"curies":[{"name":"wp","href":"https:\/\/api.w.org\/{rel}","templated":true}]}}