{"id":32452,"date":"2014-06-04T15:32:10","date_gmt":"2014-06-04T21:32:10","guid":{"rendered":"http:\/\/elcronistadigital.com\/?p=32452"},"modified":"2014-06-04T15:32:10","modified_gmt":"2014-06-04T21:32:10","slug":"aranas-seran-rubro-de-exportacion","status":"publish","type":"post","link":"https:\/\/elcronistadigital.com\/?p=32452","title":{"rendered":"Ara\u00f1as ser\u00e1n \u201crubro\u201d de exportaci\u00f3n"},"content":{"rendered":"<p><a href=\"https:\/\/elcronistadigital.com\/?attachment_id=32453\" rel=\"attachment wp-att-32453\"><img loading=\"lazy\" decoding=\"async\" class=\"alignleft size-medium wp-image-32453\" alt=\"tarantula\" src=\"https:\/\/elcronistadigital.com\/wp-content\/uploads\/2014\/06\/tarantula-300x225.jpg\" width=\"300\" height=\"225\" srcset=\"https:\/\/elcronistadigital.com\/wp-content\/uploads\/2014\/06\/tarantula-300x225.jpg 300w, https:\/\/elcronistadigital.com\/wp-content\/uploads\/2014\/06\/tarantula-342x256.jpg 342w, https:\/\/elcronistadigital.com\/wp-content\/uploads\/2014\/06\/tarantula-60x45.jpg 60w, https:\/\/elcronistadigital.com\/wp-content\/uploads\/2014\/06\/tarantula-150x113.jpg 150w, https:\/\/elcronistadigital.com\/wp-content\/uploads\/2014\/06\/tarantula-269x201.jpg 269w, https:\/\/elcronistadigital.com\/wp-content\/uploads\/2014\/06\/tarantula.jpg 512w\" sizes=\"auto, (max-width: 300px) 100vw, 300px\" \/><\/a>\u201cNi quiera la ara\u00f1a\u201d, dir\u00e1n muchos, pero ese es precisamente el insecto que varios reproductores de anfibios y reptiles para la exportaci\u00f3n, se proponen incorporar en sus \u201cgranjas\u201d en prevenci\u00f3n a las peores expectativas en cuanto a los estragos que pueda causar el fen\u00f3meno clim\u00e1tico \u201cEl Ni\u00f1o\u201d.<\/p>\n<p>Estos due\u00f1os de zoocriaderos creen que si hay una severa sequ\u00eda, sus actuales animalitos la pasar\u00e1n dura debido a la escasez de cogollos, su principal alimento.<\/p>\n<p>Es el caso de Ram\u00f3n Ernesto Mendieta, quien ha dedicado veinte a\u00f1os a criar ranas, sapos y reptiles, y quien ahora ha puesto sus ojos en los ar\u00e1cnidos, principalmente las tar\u00e1ntulas que en otros pa\u00edses son adoptadas como mascotas.<\/p>\n<p>Seg\u00fan dijo a la web oficial \u201cEl 10\u201d, las ara\u00f1as requieren de poca agua y alimentos verdes.<\/p>\n<p>Por su parte, Jessenia Talavera, representante de Exoticfauna, ratific\u00f3 que evidentemente, los zoocriaderos trabajar\u00e1n en la crianza de ara\u00f1as, por lo que no pueden quedarse atr\u00e1s con las exportaciones, pese a una futura sequ\u00eda.<\/p>\n<p>Talavera inform\u00f3 tambi\u00e9n que para este fin sostuvieron una reuni\u00f3n con el Gabinete de Producci\u00f3n, Consumo y Comercio, la cual calific\u00f3 de muy productiva y provechosa.<\/p>\n<p>A los nicarag\u00fcenses que puedan interesarse en criar una o m\u00e1s ara\u00f1as, lo primero que deben saber es que pueden dar tremendo susto a su mam\u00e1 en un pa\u00eds donde existe aracnofobia nacional, aunque no es solo asunto nuestro, ya que es una de las fobias m\u00e1s comunes y extendidas en el planeta.<\/p>\n<p>Si logran convencer a la \u201cdo\u00f1a\u201d para que no se las aplaste a escobazos, una forma de criarlas es colocarlas en frascos con tapa agujereada \u2013hoyos peque\u00f1os para que no escape- con un algod\u00f3n y una tapita con agua en el fondo.<\/p>\n<p>Les gustan la mayor\u00eda de insectos, pero se puede probar con moscas, grillos, saltamontes y cucarachas. Dicen los expertos que deben estar solas, debido a que si ponen dos juntas, una de ellas engordar\u00e1 al comerse a la otra, sobre todo si es viuda negra.<\/p>\n","protected":false},"excerpt":{"rendered":"<p>\u201cNi quiera la ara\u00f1a\u201d, dir\u00e1n muchos, pero ese es precisamente el insecto que varios reproductores de anfibios y reptiles para la exportaci\u00f3n, se proponen incorporar en sus \u201cgranjas\u201d en prevenci\u00f3n a las peores expectativas en cuanto a los estragos que pueda causar el fen\u00f3meno clim\u00e1tico \u201cEl Ni\u00f1o\u201d. Estos due\u00f1os de zoocriaderos creen que si hay [&hellip;]<\/p>\n","protected":false},"author":1,"featured_media":32453,"comment_status":"open","ping_status":"open","sticky":false,"template":"","format":"standard","meta":{"om_disable_all_campaigns":false,"_monsterinsights_skip_tracking":false,"_monsterinsights_sitenote_active":false,"_monsterinsights_sitenote_note":"","_monsterinsights_sitenote_category":0,"footnotes":""},"categories":[4,3524],"tags":[3958,3959],"class_list":["post-32452","post","type-post","status-publish","format-standard","has-post-thumbnail","hentry","category-economia","category-noticas","tag-aranas","tag-exportacion-de-aranas-en-nicaragua"],"aioseo_notices":[],"_links":{"self":[{"href":"https:\/\/elcronistadigital.com\/index.php?rest_route=\/wp\/v2\/posts\/32452","targetHints":{"allow":["GET"]}}],"collection":[{"href":"https:\/\/elcronistadigital.com\/index.php?rest_route=\/wp\/v2\/posts"}],"about":[{"href":"https:\/\/elcronistadigital.com\/index.php?rest_route=\/wp\/v2\/types\/post"}],"author":[{"embeddable":true,"href":"https:\/\/elcronistadigital.com\/index.php?rest_route=\/wp\/v2\/users\/1"}],"replies":[{"embeddable":true,"href":"https:\/\/elcronistadigital.com\/index.php?rest_route=%2Fwp%2Fv2%2Fcomments&post=32452"}],"version-history":[{"count":1,"href":"https:\/\/elcronistadigital.com\/index.php?rest_route=\/wp\/v2\/posts\/32452\/revisions"}],"predecessor-version":[{"id":32454,"href":"https:\/\/elcronistadigital.com\/index.php?rest_route=\/wp\/v2\/posts\/32452\/revisions\/32454"}],"wp:featuredmedia":[{"embeddable":true,"href":"https:\/\/elcronistadigital.com\/index.php?rest_route=\/wp\/v2\/media\/32453"}],"wp:attachment":[{"href":"https:\/\/elcronistadigital.com\/index.php?rest_route=%2Fwp%2Fv2%2Fmedia&parent=32452"}],"wp:term":[{"taxonomy":"category","embeddable":true,"href":"https:\/\/elcronistadigital.com\/index.php?rest_route=%2Fwp%2Fv2%2Fcategories&post=32452"},{"taxonomy":"post_tag","embeddable":true,"href":"https:\/\/elcronistadigital.com\/index.php?rest_route=%2Fwp%2Fv2%2Ftags&post=32452"}],"curies":[{"name":"wp","href":"https:\/\/api.w.org\/{rel}","templated":true}]}}