{"id":32455,"date":"2014-06-04T15:57:46","date_gmt":"2014-06-04T21:57:46","guid":{"rendered":"http:\/\/elcronistadigital.com\/?p=32455"},"modified":"2014-06-04T15:57:46","modified_gmt":"2014-06-04T21:57:46","slug":"habra-menos-frijol-rojo-el-proximo-ano","status":"publish","type":"post","link":"https:\/\/elcronistadigital.com\/?p=32455","title":{"rendered":"Habr\u00e1 menos frijol rojo el pr\u00f3ximo a\u00f1o"},"content":{"rendered":"<p><a href=\"https:\/\/elcronistadigital.com\/?attachment_id=32456\" rel=\"attachment wp-att-32456\"><img loading=\"lazy\" decoding=\"async\" class=\"alignleft size-medium wp-image-32456\" alt=\"frijol\" src=\"https:\/\/elcronistadigital.com\/wp-content\/uploads\/2014\/06\/frijol-300x225.jpg\" width=\"300\" height=\"225\" srcset=\"https:\/\/elcronistadigital.com\/wp-content\/uploads\/2014\/06\/frijol-300x225.jpg 300w, https:\/\/elcronistadigital.com\/wp-content\/uploads\/2014\/06\/frijol-342x257.jpg 342w, https:\/\/elcronistadigital.com\/wp-content\/uploads\/2014\/06\/frijol-60x45.jpg 60w, https:\/\/elcronistadigital.com\/wp-content\/uploads\/2014\/06\/frijol-150x113.jpg 150w, https:\/\/elcronistadigital.com\/wp-content\/uploads\/2014\/06\/frijol-269x201.jpg 269w, https:\/\/elcronistadigital.com\/wp-content\/uploads\/2014\/06\/frijol.jpg 638w\" sizes=\"auto, (max-width: 300px) 100vw, 300px\" \/><\/a>Habr\u00e1 menos frijol rojo en el ciclo agr\u00edcola 2014-2015 en relaci\u00f3n a la cosecha 2013-2014, que super\u00f3 los cinco millones de quintales -pese a lo cual hay escasez-, adelant\u00f3 la Uni\u00f3n Nacional de Agricultores y Ganaderos (UNAG).<\/p>\n<p>\u00c1lvaro Fiallos, presidente de la UNAG, dijo que la meta para el ciclo agr\u00edcola 2014-2015 es sembrar unas 330.000 manzanas (231.000 hect\u00e1reas) de frijol rojo, seg\u00fan la agencia Xinhua.<\/p>\n<p>Con esta extensi\u00f3n, la producci\u00f3n para el presente ciclo se calcula en casi cuatro millones de quintales, menor a la del ciclo productivo anterior, indic\u00f3.<\/p>\n<p>Fiallos brind\u00f3 las declaraciones a periodistas tras una reuni\u00f3n entre el Gabinete de Producci\u00f3n y Comercio del gobierno nicarag\u00fcense y productores privados de frijol, donde analizaron la situaci\u00f3n de la siembra ante la presencia del fen\u00f3meno clim\u00e1tico \u00abEl Ni\u00f1o\u00bb, a partir de este mes.<\/p>\n<p>El mercado nacional enfrenta una carest\u00eda en el precio del frijol rojo, cuyo precio por libra se duplic\u00f3 este a\u00f1o al superar un d\u00f3lar, debido a los acaparadores y especuladores, seg\u00fan representantes del gobierno.<\/p>\n<p>Para Fiallos, las \u00e1reas de siembra de frijol negro crecer\u00e1n un poco m\u00e1s en el presente ciclo productivo.<\/p>\n<p>De acuerdo con la UNAG, se sembrar\u00e1n 30.000 manzanas (21.000 hect\u00e1reas) de frijol negro, para obtener una producci\u00f3n de m\u00e1s de 550.000 quintales del grano.<\/p>\n<p>Nicaragua exporta frijol negro a los mercados internacionales de Costa Rica y Venezuela, pa\u00edses consumidores del grano.<\/p>\n","protected":false},"excerpt":{"rendered":"<p>Habr\u00e1 menos frijol rojo en el ciclo agr\u00edcola 2014-2015 en relaci\u00f3n a la cosecha 2013-2014, que super\u00f3 los cinco millones de quintales -pese a lo cual hay escasez-, adelant\u00f3 la Uni\u00f3n Nacional de Agricultores y Ganaderos (UNAG). \u00c1lvaro Fiallos, presidente de la UNAG, dijo que la meta para el ciclo agr\u00edcola 2014-2015 es sembrar unas [&hellip;]<\/p>\n","protected":false},"author":1,"featured_media":32456,"comment_status":"open","ping_status":"open","sticky":false,"template":"","format":"standard","meta":{"om_disable_all_campaigns":false,"_monsterinsights_skip_tracking":false,"_monsterinsights_sitenote_active":false,"_monsterinsights_sitenote_note":"","_monsterinsights_sitenote_category":0,"footnotes":""},"categories":[3],"tags":[3960],"class_list":["post-32455","post","type-post","status-publish","format-standard","has-post-thumbnail","hentry","category-nacionales","tag-frijol-rojo-nicaragua"],"aioseo_notices":[],"_links":{"self":[{"href":"https:\/\/elcronistadigital.com\/index.php?rest_route=\/wp\/v2\/posts\/32455","targetHints":{"allow":["GET"]}}],"collection":[{"href":"https:\/\/elcronistadigital.com\/index.php?rest_route=\/wp\/v2\/posts"}],"about":[{"href":"https:\/\/elcronistadigital.com\/index.php?rest_route=\/wp\/v2\/types\/post"}],"author":[{"embeddable":true,"href":"https:\/\/elcronistadigital.com\/index.php?rest_route=\/wp\/v2\/users\/1"}],"replies":[{"embeddable":true,"href":"https:\/\/elcronistadigital.com\/index.php?rest_route=%2Fwp%2Fv2%2Fcomments&post=32455"}],"version-history":[{"count":1,"href":"https:\/\/elcronistadigital.com\/index.php?rest_route=\/wp\/v2\/posts\/32455\/revisions"}],"predecessor-version":[{"id":32457,"href":"https:\/\/elcronistadigital.com\/index.php?rest_route=\/wp\/v2\/posts\/32455\/revisions\/32457"}],"wp:featuredmedia":[{"embeddable":true,"href":"https:\/\/elcronistadigital.com\/index.php?rest_route=\/wp\/v2\/media\/32456"}],"wp:attachment":[{"href":"https:\/\/elcronistadigital.com\/index.php?rest_route=%2Fwp%2Fv2%2Fmedia&parent=32455"}],"wp:term":[{"taxonomy":"category","embeddable":true,"href":"https:\/\/elcronistadigital.com\/index.php?rest_route=%2Fwp%2Fv2%2Fcategories&post=32455"},{"taxonomy":"post_tag","embeddable":true,"href":"https:\/\/elcronistadigital.com\/index.php?rest_route=%2Fwp%2Fv2%2Ftags&post=32455"}],"curies":[{"name":"wp","href":"https:\/\/api.w.org\/{rel}","templated":true}]}}