{"id":32458,"date":"2014-06-05T06:24:35","date_gmt":"2014-06-05T12:24:35","guid":{"rendered":"http:\/\/elcronistadigital.com\/?p=32458"},"modified":"2014-06-05T06:24:35","modified_gmt":"2014-06-05T12:24:35","slug":"esplendor-cultural-de-taiwan-en-esteli","status":"publish","type":"post","link":"https:\/\/elcronistadigital.com\/?p=32458","title":{"rendered":"Esplendor cultural de Taiw\u00e1n en Estel\u00ed"},"content":{"rendered":"<p><a href=\"https:\/\/elcronistadigital.com\/?attachment_id=32459\" rel=\"attachment wp-att-32459\"><img loading=\"lazy\" decoding=\"async\" class=\"alignleft size-medium wp-image-32459\" alt=\"Estel\u00ed Taiw\u00e1n 1\" src=\"https:\/\/elcronistadigital.com\/wp-content\/uploads\/2014\/06\/Estel\u00ed-Taiw\u00e1n-1-300x225.jpg\" width=\"300\" height=\"225\" srcset=\"https:\/\/elcronistadigital.com\/wp-content\/uploads\/2014\/06\/Estel\u00ed-Taiw\u00e1n-1-300x225.jpg 300w, https:\/\/elcronistadigital.com\/wp-content\/uploads\/2014\/06\/Estel\u00ed-Taiw\u00e1n-1-342x256.jpg 342w, https:\/\/elcronistadigital.com\/wp-content\/uploads\/2014\/06\/Estel\u00ed-Taiw\u00e1n-1-60x45.jpg 60w, https:\/\/elcronistadigital.com\/wp-content\/uploads\/2014\/06\/Estel\u00ed-Taiw\u00e1n-1-150x113.jpg 150w, https:\/\/elcronistadigital.com\/wp-content\/uploads\/2014\/06\/Estel\u00ed-Taiw\u00e1n-1-269x201.jpg 269w, https:\/\/elcronistadigital.com\/wp-content\/uploads\/2014\/06\/Estel\u00ed-Taiw\u00e1n-1.jpg 629w\" sizes=\"auto, (max-width: 300px) 100vw, 300px\" \/><\/a>Las deidades de la prosperidad, abundancia y riqueza de Taiw\u00e1n, as\u00ed como los animales representativos de cada a\u00f1o chino y la fascinante historia y presente de la Rep\u00fablica de China (Taiw\u00e1n), se hicieron presente en la inauguraci\u00f3n de la \u201cExposici\u00f3n de Fotograf\u00edas y Grabados de Taiw\u00e1n\u201d en la Casa de Cultura de la Municipalidad de Estel\u00ed.<\/p>\n<p>Durante la inauguraci\u00f3n estuvieron presente la embajadora de la Rep\u00fablica de China (Taiw\u00e1n) en Nicaragua, Sra. Ingrid Hsing, con la vicealcaldesa de Estel\u00ed, Sra. Melania Peralta y la directora de la Casa de Cultura, Sra. Ana Lesbia Gonz\u00e1lez.<\/p>\n<p>Hsing relat\u00f3 que todas estas obras est\u00e1n llenas de historia, cultura, tradici\u00f3n y arte,la muestra cultural consta de 30 fotograf\u00edas en blanco y negro, as\u00ed como 30 de colores, donde el visitante puede apreciar la historia y formaci\u00f3n de la Rep\u00fablica de China (Taiw\u00e1n), tambi\u00e9n se est\u00e1n exhibiendo 30 grabados, donde pueden deleitarse con la intensa variedad de las tradiciones culturales de Taiw\u00e1n.<\/p>\n<p>Por su parte, la vicealcaldesa Peralta se mostr\u00f3 muy halagada de que Taiw\u00e1n haya escogido a la Ciudad de Estel\u00ed para mostrar a los estelianos la grandeza de su cultura. Tambi\u00e9n coment\u00f3 que esta es una gran oportunidad para fortalecer a\u00fan m\u00e1s esa extraordinaria amistad que han forjado con los hermanos taiwaneses.<a href=\"https:\/\/elcronistadigital.com\/?attachment_id=32460\" rel=\"attachment wp-att-32460\"><img loading=\"lazy\" decoding=\"async\" class=\"alignright size-medium wp-image-32460\" alt=\"Estel\u00ed Taiw\u00e1n\" src=\"https:\/\/elcronistadigital.com\/wp-content\/uploads\/2014\/06\/Estel\u00ed-Taiw\u00e1n-300x225.jpg\" width=\"300\" height=\"225\" srcset=\"https:\/\/elcronistadigital.com\/wp-content\/uploads\/2014\/06\/Estel\u00ed-Taiw\u00e1n-300x225.jpg 300w, https:\/\/elcronistadigital.com\/wp-content\/uploads\/2014\/06\/Estel\u00ed-Taiw\u00e1n-342x256.jpg 342w, https:\/\/elcronistadigital.com\/wp-content\/uploads\/2014\/06\/Estel\u00ed-Taiw\u00e1n-60x45.jpg 60w, https:\/\/elcronistadigital.com\/wp-content\/uploads\/2014\/06\/Estel\u00ed-Taiw\u00e1n-150x113.jpg 150w, https:\/\/elcronistadigital.com\/wp-content\/uploads\/2014\/06\/Estel\u00ed-Taiw\u00e1n-269x201.jpg 269w, https:\/\/elcronistadigital.com\/wp-content\/uploads\/2014\/06\/Estel\u00ed-Taiw\u00e1n.jpg 629w\" sizes=\"auto, (max-width: 300px) 100vw, 300px\" \/><\/a><\/p>\n<p>La exposici\u00f3n estar\u00e1 abierta al p\u00fablico en general del 04 al 10 de junio, de 9:00 am a 5:00 pm en la Casa de Cultura. Tambi\u00e9n se estar\u00e1 presentando un ciclo de pel\u00edculas taiwanesas de acci\u00f3n, romance, aventura, y documentales de arte y cultura en el auditorio de la Casa de Cultura a partir de las 3 de la tarde.<\/p>\n","protected":false},"excerpt":{"rendered":"<p>Las deidades de la prosperidad, abundancia y riqueza de Taiw\u00e1n, as\u00ed como los animales representativos de cada a\u00f1o chino y la fascinante historia y presente de la Rep\u00fablica de China (Taiw\u00e1n), se hicieron presente en la inauguraci\u00f3n de la \u201cExposici\u00f3n de Fotograf\u00edas y Grabados de Taiw\u00e1n\u201d en la Casa de Cultura de la Municipalidad de [&hellip;]<\/p>\n","protected":false},"author":1,"featured_media":32459,"comment_status":"open","ping_status":"open","sticky":false,"template":"","format":"standard","meta":{"om_disable_all_campaigns":false,"_monsterinsights_skip_tracking":false,"_monsterinsights_sitenote_active":false,"_monsterinsights_sitenote_note":"","_monsterinsights_sitenote_category":0,"footnotes":""},"categories":[3,10],"tags":[],"class_list":["post-32458","post","type-post","status-publish","format-standard","has-post-thumbnail","hentry","category-nacionales","category-cultura"],"aioseo_notices":[],"_links":{"self":[{"href":"https:\/\/elcronistadigital.com\/index.php?rest_route=\/wp\/v2\/posts\/32458","targetHints":{"allow":["GET"]}}],"collection":[{"href":"https:\/\/elcronistadigital.com\/index.php?rest_route=\/wp\/v2\/posts"}],"about":[{"href":"https:\/\/elcronistadigital.com\/index.php?rest_route=\/wp\/v2\/types\/post"}],"author":[{"embeddable":true,"href":"https:\/\/elcronistadigital.com\/index.php?rest_route=\/wp\/v2\/users\/1"}],"replies":[{"embeddable":true,"href":"https:\/\/elcronistadigital.com\/index.php?rest_route=%2Fwp%2Fv2%2Fcomments&post=32458"}],"version-history":[{"count":1,"href":"https:\/\/elcronistadigital.com\/index.php?rest_route=\/wp\/v2\/posts\/32458\/revisions"}],"predecessor-version":[{"id":32461,"href":"https:\/\/elcronistadigital.com\/index.php?rest_route=\/wp\/v2\/posts\/32458\/revisions\/32461"}],"wp:featuredmedia":[{"embeddable":true,"href":"https:\/\/elcronistadigital.com\/index.php?rest_route=\/wp\/v2\/media\/32459"}],"wp:attachment":[{"href":"https:\/\/elcronistadigital.com\/index.php?rest_route=%2Fwp%2Fv2%2Fmedia&parent=32458"}],"wp:term":[{"taxonomy":"category","embeddable":true,"href":"https:\/\/elcronistadigital.com\/index.php?rest_route=%2Fwp%2Fv2%2Fcategories&post=32458"},{"taxonomy":"post_tag","embeddable":true,"href":"https:\/\/elcronistadigital.com\/index.php?rest_route=%2Fwp%2Fv2%2Ftags&post=32458"}],"curies":[{"name":"wp","href":"https:\/\/api.w.org\/{rel}","templated":true}]}}