{"id":32466,"date":"2014-06-05T06:55:51","date_gmt":"2014-06-05T12:55:51","guid":{"rendered":"http:\/\/elcronistadigital.com\/?p=32466"},"modified":"2014-06-05T06:55:51","modified_gmt":"2014-06-05T12:55:51","slug":"ortega-felicita-a-presidente-electo-de-egipto","status":"publish","type":"post","link":"https:\/\/elcronistadigital.com\/?p=32466","title":{"rendered":"Ortega felicita a presidente electo de Egipto"},"content":{"rendered":"<p><a href=\"https:\/\/elcronistadigital.com\/?attachment_id=32467\" rel=\"attachment wp-att-32467\"><img loading=\"lazy\" decoding=\"async\" class=\"alignleft size-medium wp-image-32467\" alt=\"Abdelfatah al Sisi\" src=\"https:\/\/elcronistadigital.com\/wp-content\/uploads\/2014\/06\/Abdelfatah-al-Sisi-300x150.jpg\" width=\"300\" height=\"150\" srcset=\"https:\/\/elcronistadigital.com\/wp-content\/uploads\/2014\/06\/Abdelfatah-al-Sisi-300x150.jpg 300w, https:\/\/elcronistadigital.com\/wp-content\/uploads\/2014\/06\/Abdelfatah-al-Sisi-342x172.jpg 342w, https:\/\/elcronistadigital.com\/wp-content\/uploads\/2014\/06\/Abdelfatah-al-Sisi.jpg 755w\" sizes=\"auto, (max-width: 300px) 100vw, 300px\" \/><\/a>El mandatario nicarag\u00fcense, Daniel Ortega, felicit\u00f3 el mi\u00e9rcoles al presidente electo de Egipto, general Abdelfatah al Sisi, por su victoria en las recientes elecciones presidenciales de su pa\u00eds.<\/p>\n<p>\u00abEstimado compa\u00f1ero presidente: a nombre del pueblo de Nicaragua, del Gobierno de Reconciliaci\u00f3n y Unidad Nacional, y en mi nombre, hago llegar a usted nuestras sinceras felicitaciones y nuestros mejores deseos por la estabilidad y la prosperidad del hermano pueblo egipcio\u00bb, se\u00f1al\u00f3 Ortega en una carta citada por Efe.<\/p>\n<p>\u00abEstamos seguros de que su triunfo electoral permitir\u00e1 a las familias y a su pueblo continuar avanzando en el desarrollo con justicia y paz, afianzando a la par el liderazgo regional de esa gran naci\u00f3n\u00bb, continu\u00f3.<\/p>\n<p>Los resultados definitivos de las elecciones celebradas los pasados 26 y 28 de mayo confirmaron el martes la victoria arrolladora de Al Sisi, que obtuvo el 96,91 % de los votos, recuerda Efe.<\/p>\n<p>Los comicios registraron una participaci\u00f3n del 47,45 %, lo que supone que votaron 25,5 millones de los casi 54 millones de egipcios llamados a las urnas.<\/p>\n<p>Al Sisi, exjefe del Ej\u00e9rcito, jurar\u00e1 su cargo de presidente de Egipto el pr\u00f3ximo domingo.<\/p>\n","protected":false},"excerpt":{"rendered":"<p>El mandatario nicarag\u00fcense, Daniel Ortega, felicit\u00f3 el mi\u00e9rcoles al presidente electo de Egipto, general Abdelfatah al Sisi, por su victoria en las recientes elecciones presidenciales de su pa\u00eds. \u00abEstimado compa\u00f1ero presidente: a nombre del pueblo de Nicaragua, del Gobierno de Reconciliaci\u00f3n y Unidad Nacional, y en mi nombre, hago llegar a usted nuestras sinceras felicitaciones [&hellip;]<\/p>\n","protected":false},"author":1,"featured_media":32467,"comment_status":"open","ping_status":"open","sticky":false,"template":"","format":"standard","meta":{"om_disable_all_campaigns":false,"_monsterinsights_skip_tracking":false,"_monsterinsights_sitenote_active":false,"_monsterinsights_sitenote_note":"","_monsterinsights_sitenote_category":0,"footnotes":""},"categories":[3524],"tags":[],"class_list":["post-32466","post","type-post","status-publish","format-standard","has-post-thumbnail","hentry","category-noticas"],"aioseo_notices":[],"_links":{"self":[{"href":"https:\/\/elcronistadigital.com\/index.php?rest_route=\/wp\/v2\/posts\/32466","targetHints":{"allow":["GET"]}}],"collection":[{"href":"https:\/\/elcronistadigital.com\/index.php?rest_route=\/wp\/v2\/posts"}],"about":[{"href":"https:\/\/elcronistadigital.com\/index.php?rest_route=\/wp\/v2\/types\/post"}],"author":[{"embeddable":true,"href":"https:\/\/elcronistadigital.com\/index.php?rest_route=\/wp\/v2\/users\/1"}],"replies":[{"embeddable":true,"href":"https:\/\/elcronistadigital.com\/index.php?rest_route=%2Fwp%2Fv2%2Fcomments&post=32466"}],"version-history":[{"count":1,"href":"https:\/\/elcronistadigital.com\/index.php?rest_route=\/wp\/v2\/posts\/32466\/revisions"}],"predecessor-version":[{"id":32468,"href":"https:\/\/elcronistadigital.com\/index.php?rest_route=\/wp\/v2\/posts\/32466\/revisions\/32468"}],"wp:featuredmedia":[{"embeddable":true,"href":"https:\/\/elcronistadigital.com\/index.php?rest_route=\/wp\/v2\/media\/32467"}],"wp:attachment":[{"href":"https:\/\/elcronistadigital.com\/index.php?rest_route=%2Fwp%2Fv2%2Fmedia&parent=32466"}],"wp:term":[{"taxonomy":"category","embeddable":true,"href":"https:\/\/elcronistadigital.com\/index.php?rest_route=%2Fwp%2Fv2%2Fcategories&post=32466"},{"taxonomy":"post_tag","embeddable":true,"href":"https:\/\/elcronistadigital.com\/index.php?rest_route=%2Fwp%2Fv2%2Ftags&post=32466"}],"curies":[{"name":"wp","href":"https:\/\/api.w.org\/{rel}","templated":true}]}}