{"id":32469,"date":"2014-06-05T07:23:47","date_gmt":"2014-06-05T13:23:47","guid":{"rendered":"http:\/\/elcronistadigital.com\/?p=32469"},"modified":"2014-06-05T07:23:47","modified_gmt":"2014-06-05T13:23:47","slug":"machete-principal-arma-de-la-delincuencia","status":"publish","type":"post","link":"https:\/\/elcronistadigital.com\/?p=32469","title":{"rendered":"Machete, principal arma de la delincuencia"},"content":{"rendered":"<p><a href=\"https:\/\/elcronistadigital.com\/?attachment_id=32470\" rel=\"attachment wp-att-32470\"><img loading=\"lazy\" decoding=\"async\" class=\"alignleft size-medium wp-image-32470\" alt=\"machetes\" src=\"https:\/\/elcronistadigital.com\/wp-content\/uploads\/2014\/06\/machetes-300x225.jpg\" width=\"300\" height=\"225\" srcset=\"https:\/\/elcronistadigital.com\/wp-content\/uploads\/2014\/06\/machetes-300x225.jpg 300w, https:\/\/elcronistadigital.com\/wp-content\/uploads\/2014\/06\/machetes-342x256.jpg 342w, https:\/\/elcronistadigital.com\/wp-content\/uploads\/2014\/06\/machetes-60x45.jpg 60w, https:\/\/elcronistadigital.com\/wp-content\/uploads\/2014\/06\/machetes-150x113.jpg 150w, https:\/\/elcronistadigital.com\/wp-content\/uploads\/2014\/06\/machetes-269x201.jpg 269w, https:\/\/elcronistadigital.com\/wp-content\/uploads\/2014\/06\/machetes.jpg 800w\" sizes=\"auto, (max-width: 300px) 100vw, 300px\" \/><\/a>* Polic\u00eda de Nicaragua se\u00f1ala que esto se debe a la incautaci\u00f3n de pistolas, fusiles y dem\u00e1s artefactos de fuego ilegales, sin embargo, un organismo de sociedad civil asegura que eso no significa que aqu\u00ed \u201caqu\u00ed no pasa nada\u201d<\/p>\n<p>La delincuencia nicarag\u00fcense utiliza el machete como principal arma intimidatoria al momento de perpetrar un asalto, debido a que las autoridades han incautado en los \u00faltimos a\u00f1os m\u00e1s de 19 mil armas de fuego ilegales en poder de civiles, seg\u00fan una fuente oficial.<\/p>\n<p>Esa ser\u00eda una de las causas de que tengamos la tasa de homicidios m\u00e1s reducida de Centroam\u00e9rica &#8211; de 11 a 8,7 por cada 100.000 habitantes-, afirm\u00f3 el comisionado Gregorio Aburto, oficial de la Direcci\u00f3n de Registro y Control de Armas de Fuego y Municiones (DAEM) de la Polic\u00eda.<\/p>\n<p>En Nicaragua \u00abson otro tipo de armas (blancas, como el machete) las que dominan el delito de asalto con intimidaci\u00f3n o fuerza\u00bb, dijo Aburto, quien agreg\u00f3 que entre 2008 y 2013 la Polic\u00eda sac\u00f3 de circulaci\u00f3n m\u00e1s de 19.000 fusiles, rev\u00f3lveres, pistolas, escopetas, ametralladoras, subametralladoras y granadas, de las cuales 5.500 fueron destruidas el a\u00f1o pasado.<\/p>\n<p>La polic\u00eda sostiene que la incautaci\u00f3n de armas ilegales es uno de los factores que ayudaron a reducir la tasa de homicidios en Nicaragua de 11 a 8,7 por cada 100.000 habitantes, seg\u00fan cifras del Informe sobre Desarrollo Humano (IDH) 2013-2014 del Programa de las Naciones Unidas para el Desarrollo (PNUD), citadas por Afp.<\/p>\n<p>Las cifras del PNUD han sido reconocidas por el gobierno nicarag\u00fcense como uno de los logros de su \u00abpol\u00edtica de seguridad ciudadana con perfil comunitario\u00bb.<\/p>\n<p>No obstante, la directora del no gubernamental Centro de Prevenci\u00f3n de la Violencia (Ceprev) M\u00f3nica Zalaquett, dijo que aunque Nicaragua est\u00e1 mucho mejor que el resto de Centroam\u00e9rica en materia de seguridad, eso no significa \u00abque aqu\u00ed no pasa nada\u00bb.<\/p>\n<p>En Nicaragua \u00abhay una gran cantidad de delitos de robos con intimidaci\u00f3n en los que generalmente se usan armas de fuego (&#8230;) y hay muchos j\u00f3venes heridos con huellas de bala\u00bb, seg\u00fan Zalaquett.<\/p>\n<p>Seg\u00fan el informe del PNUD, Nicaragua tiene la tasa de homicidios m\u00e1s baja de Centroam\u00e9rica, seguido por Costa Rica, donde la incidencia es 8,8 por 100.000.<\/p>\n<p>Honduras registra una tasa de 79 homicidios por cada 100.000 habitantes, la mayor de la regi\u00f3n y que es considerada tambi\u00e9n la m\u00e1s elevada del mundo entre pa\u00edses sin situaciones de guerra.<\/p>\n","protected":false},"excerpt":{"rendered":"<p>* Polic\u00eda de Nicaragua se\u00f1ala que esto se debe a la incautaci\u00f3n de pistolas, fusiles y dem\u00e1s artefactos de fuego ilegales, sin embargo, un organismo de sociedad civil asegura que eso no significa que aqu\u00ed \u201caqu\u00ed no pasa nada\u201d La delincuencia nicarag\u00fcense utiliza el machete como principal arma intimidatoria al momento de perpetrar un asalto, [&hellip;]<\/p>\n","protected":false},"author":1,"featured_media":32470,"comment_status":"open","ping_status":"open","sticky":false,"template":"","format":"standard","meta":{"om_disable_all_campaigns":false,"_monsterinsights_skip_tracking":false,"_monsterinsights_sitenote_active":false,"_monsterinsights_sitenote_note":"","_monsterinsights_sitenote_category":0,"footnotes":""},"categories":[3524],"tags":[3961],"class_list":["post-32469","post","type-post","status-publish","format-standard","has-post-thumbnail","hentry","category-noticas","tag-machetes-en-delitos"],"aioseo_notices":[],"_links":{"self":[{"href":"https:\/\/elcronistadigital.com\/index.php?rest_route=\/wp\/v2\/posts\/32469","targetHints":{"allow":["GET"]}}],"collection":[{"href":"https:\/\/elcronistadigital.com\/index.php?rest_route=\/wp\/v2\/posts"}],"about":[{"href":"https:\/\/elcronistadigital.com\/index.php?rest_route=\/wp\/v2\/types\/post"}],"author":[{"embeddable":true,"href":"https:\/\/elcronistadigital.com\/index.php?rest_route=\/wp\/v2\/users\/1"}],"replies":[{"embeddable":true,"href":"https:\/\/elcronistadigital.com\/index.php?rest_route=%2Fwp%2Fv2%2Fcomments&post=32469"}],"version-history":[{"count":1,"href":"https:\/\/elcronistadigital.com\/index.php?rest_route=\/wp\/v2\/posts\/32469\/revisions"}],"predecessor-version":[{"id":32471,"href":"https:\/\/elcronistadigital.com\/index.php?rest_route=\/wp\/v2\/posts\/32469\/revisions\/32471"}],"wp:featuredmedia":[{"embeddable":true,"href":"https:\/\/elcronistadigital.com\/index.php?rest_route=\/wp\/v2\/media\/32470"}],"wp:attachment":[{"href":"https:\/\/elcronistadigital.com\/index.php?rest_route=%2Fwp%2Fv2%2Fmedia&parent=32469"}],"wp:term":[{"taxonomy":"category","embeddable":true,"href":"https:\/\/elcronistadigital.com\/index.php?rest_route=%2Fwp%2Fv2%2Fcategories&post=32469"},{"taxonomy":"post_tag","embeddable":true,"href":"https:\/\/elcronistadigital.com\/index.php?rest_route=%2Fwp%2Fv2%2Ftags&post=32469"}],"curies":[{"name":"wp","href":"https:\/\/api.w.org\/{rel}","templated":true}]}}