{"id":32475,"date":"2014-06-05T08:19:20","date_gmt":"2014-06-05T14:19:20","guid":{"rendered":"http:\/\/elcronistadigital.com\/?p=32475"},"modified":"2014-06-05T08:19:20","modified_gmt":"2014-06-05T14:19:20","slug":"lluvias-y-tormentas-predice-ineter","status":"publish","type":"post","link":"https:\/\/elcronistadigital.com\/?p=32475","title":{"rendered":"Lluvias y tormentas predice Ineter"},"content":{"rendered":"<p><a href=\"https:\/\/elcronistadigital.com\/?attachment_id=32476\" rel=\"attachment wp-att-32476\"><img loading=\"lazy\" decoding=\"async\" class=\"alignleft size-full wp-image-32476\" alt=\"lluvia y tormenta\" src=\"https:\/\/elcronistadigital.com\/wp-content\/uploads\/2014\/06\/lluvia-y-tormenta.jpg\" width=\"257\" height=\"196\" srcset=\"https:\/\/elcronistadigital.com\/wp-content\/uploads\/2014\/06\/lluvia-y-tormenta.jpg 257w, https:\/\/elcronistadigital.com\/wp-content\/uploads\/2014\/06\/lluvia-y-tormenta-60x45.jpg 60w, https:\/\/elcronistadigital.com\/wp-content\/uploads\/2014\/06\/lluvia-y-tormenta-150x113.jpg 150w\" sizes=\"auto, (max-width: 257px) 100vw, 257px\" \/><\/a>Una onda tropical que se ubica en territorio de Nicaragua, ha puesto en alerta a otros pa\u00edses centroamericanos, pese a que est\u00e1 considerada como \u201cpoco activa o moderada\u201d, pero podr\u00eda ocasionar algunas tormentas, chubascos e incluso tormentas el\u00e9ctricas de moderadas a fuertes\u201d, seg\u00fan la directora del Observatorio Ambiental de El Salvador, ingeniera Celina Katt\u00e1n.<\/p>\n<p>En el istmo, igualmente, la atenci\u00f3n est\u00e1 puesta en un sistema de baja presi\u00f3n en la bah\u00eda de Campeche, en el golfo de M\u00e9xico, que tiene 10 % de posibilidad de desarrollarse en las pr\u00f3ximas 24 horas.<\/p>\n<p>En Nicaragua el Instituto Nicarag\u00fcense de Estudios Territoriales (Ineter) no ha dado ning\u00fan aviso sobre la onda tropical, aunque en su pron\u00f3stico para este jueves destacan lluvias y tormentas el\u00e9ctricas en casi todo el pa\u00eds.<\/p>\n<p>Para el Pac\u00edfico, se esperan lluvias y tormentas el\u00e9ctricas por la tarde de este jueves, lo que no evitar\u00e1 el ambiente caluroso con temperaturas de entre 34 y 36 grados.<\/p>\n","protected":false},"excerpt":{"rendered":"<p>Una onda tropical que se ubica en territorio de Nicaragua, ha puesto en alerta a otros pa\u00edses centroamericanos, pese a que est\u00e1 considerada como \u201cpoco activa o moderada\u201d, pero podr\u00eda ocasionar algunas tormentas, chubascos e incluso tormentas el\u00e9ctricas de moderadas a fuertes\u201d, seg\u00fan la directora del Observatorio Ambiental de El Salvador, ingeniera Celina Katt\u00e1n. En [&hellip;]<\/p>\n","protected":false},"author":1,"featured_media":32476,"comment_status":"open","ping_status":"open","sticky":false,"template":"","format":"standard","meta":{"om_disable_all_campaigns":false,"_monsterinsights_skip_tracking":false,"_monsterinsights_sitenote_active":false,"_monsterinsights_sitenote_note":"","_monsterinsights_sitenote_category":0,"footnotes":""},"categories":[3],"tags":[],"class_list":["post-32475","post","type-post","status-publish","format-standard","has-post-thumbnail","hentry","category-nacionales"],"aioseo_notices":[],"_links":{"self":[{"href":"https:\/\/elcronistadigital.com\/index.php?rest_route=\/wp\/v2\/posts\/32475","targetHints":{"allow":["GET"]}}],"collection":[{"href":"https:\/\/elcronistadigital.com\/index.php?rest_route=\/wp\/v2\/posts"}],"about":[{"href":"https:\/\/elcronistadigital.com\/index.php?rest_route=\/wp\/v2\/types\/post"}],"author":[{"embeddable":true,"href":"https:\/\/elcronistadigital.com\/index.php?rest_route=\/wp\/v2\/users\/1"}],"replies":[{"embeddable":true,"href":"https:\/\/elcronistadigital.com\/index.php?rest_route=%2Fwp%2Fv2%2Fcomments&post=32475"}],"version-history":[{"count":1,"href":"https:\/\/elcronistadigital.com\/index.php?rest_route=\/wp\/v2\/posts\/32475\/revisions"}],"predecessor-version":[{"id":32477,"href":"https:\/\/elcronistadigital.com\/index.php?rest_route=\/wp\/v2\/posts\/32475\/revisions\/32477"}],"wp:featuredmedia":[{"embeddable":true,"href":"https:\/\/elcronistadigital.com\/index.php?rest_route=\/wp\/v2\/media\/32476"}],"wp:attachment":[{"href":"https:\/\/elcronistadigital.com\/index.php?rest_route=%2Fwp%2Fv2%2Fmedia&parent=32475"}],"wp:term":[{"taxonomy":"category","embeddable":true,"href":"https:\/\/elcronistadigital.com\/index.php?rest_route=%2Fwp%2Fv2%2Fcategories&post=32475"},{"taxonomy":"post_tag","embeddable":true,"href":"https:\/\/elcronistadigital.com\/index.php?rest_route=%2Fwp%2Fv2%2Ftags&post=32475"}],"curies":[{"name":"wp","href":"https:\/\/api.w.org\/{rel}","templated":true}]}}