{"id":32478,"date":"2014-06-05T09:34:20","date_gmt":"2014-06-05T15:34:20","guid":{"rendered":"http:\/\/elcronistadigital.com\/?p=32478"},"modified":"2014-06-05T09:34:20","modified_gmt":"2014-06-05T15:34:20","slug":"dia-mundial-del-medio-ambiente","status":"publish","type":"post","link":"https:\/\/elcronistadigital.com\/?p=32478","title":{"rendered":"D\u00eda Mundial del Medio Ambiente"},"content":{"rendered":"<p><a href=\"https:\/\/elcronistadigital.com\/?attachment_id=32479\" rel=\"attachment wp-att-32479\"><img loading=\"lazy\" decoding=\"async\" class=\"alignleft size-medium wp-image-32479\" alt=\"medio\" src=\"https:\/\/elcronistadigital.com\/wp-content\/uploads\/2014\/06\/medio-300x199.jpg\" width=\"300\" height=\"199\" srcset=\"https:\/\/elcronistadigital.com\/wp-content\/uploads\/2014\/06\/medio-300x199.jpg 300w, https:\/\/elcronistadigital.com\/wp-content\/uploads\/2014\/06\/medio-342x227.jpg 342w, https:\/\/elcronistadigital.com\/wp-content\/uploads\/2014\/06\/medio.jpg 400w\" sizes=\"auto, (max-width: 300px) 100vw, 300px\" \/><\/a>\u2022 Dedicado a los estados Isle\u00f1os, entre ellos Cuba y resto de las Antillas.<br \/>\n\u2022 13 Millones de personas mueren cada a\u00f1o por enfermedades ambientales<br \/>\n\u2022 Diarrea, neumon\u00edas, traumatismos, malaria, dengue entre las enfermedades m\u00e1s mort\u00edferas enfermedades ambientales.<br \/>\n\u2022Las hambrunas y crisis alimentarias son parte del problema ambiental (ONU).<\/p>\n<p>Dr. Vicente Maltez Montiel (*)<\/p>\n<p>Naciones Unidas dedica el cinco de junio a conmemorar el D\u00eda Mundial del Medio Ambiente, con el prop\u00f3sito de lograr el impostergable objetivo de la humanidad de alcanzar una vida sostenible y pr\u00f3spera para todos, destacando en esta ocasi\u00f3n las problem\u00e1ticas medioambientales de los ciudadanos de las peque\u00f1as islas (estados insulares del planeta)<\/p>\n<p>La preocupaci\u00f3n por los efectos negativos del cambio clim\u00e1tico en la Tierra, y en especial en las islas, encuentra coincidencia con el eslogan elegido: \u201cAlza tu voz, no el nivel del mar\u201d.<\/p>\n<p>La salud y el medio ambiente (MA) est\u00e1n relacionados de forma \u00edntima, inseparable y el olvido de esa relaci\u00f3n causa-efecto trae consecuencias que afectan a nuestro pueblo. La epidemia mortal de m\u00e1s dos docenas de fallecidos por dengue hemorr\u00e1gico en el 2013 y la \u201ccrisis de los frijoles\u201d en el 2014, son un ejemplo.<\/p>\n<p>Las preocupaciones mundiales destacan accidentes mineros fatales, naufragios petroleros como el del \u201cPrestige\u201d o el del \u201cExxon Vald\u00e9s\u201d en las costas de Galicia y Alaska respectivamente, las tragedias nucleares de Chern\u00f3bil y Fukushima en Ucrania y Jap\u00f3n, el efecto de antenas y dispositivos de telefon\u00eda m\u00f3vil, etc.<\/p>\n<p>La OMS, en su definici\u00f3n de medio ambiente y salud, incluye tanto los efectos patol\u00f3gicos directos de sustancias qu\u00edmicas, radiaciones, agentes biol\u00f3gicos, as\u00ed como los efectos indirectos en la salud y bienestar de los componentes biol\u00f3gicos, psicol\u00f3gico y social de los seres humanos.<\/p>\n<p>Cuando hablamos de enfermedad ambiental, es un t\u00e9rmino aplicable a todas las enfermedades que no est\u00e1n estrictamente relacionadas con los genes. El informe sobre la salud en el mundo afirma que \u201clos factores ambientales influyen en 85 de las 102 categor\u00edas de enfermedades y traumatismos\u201d.<\/p>\n<p>Las conclusiones, conocidas de todos, obligan a reflexionar y actuar: si el medio ambiente fuera m\u00e1s saludable, evitar\u00edamos cada a\u00f1o hasta 13 millones de muertes.<\/p>\n<p>Esta mortalidad es mayor en pa\u00edses pobres, en los cuales se detectan cuatro millones de fallecidos menores de cinco a\u00f1os causados principalmente por diarrea, neumon\u00edas, traumatismos involuntarios y malaria. En nuestro pa\u00eds hay que agregarle a la ecuaci\u00f3n el aporte mortal del dengue y en menor incidencia la leptospirosis, ambos padecimientos de car\u00e1cter end\u00e9micos. (Siempre hay casos).<\/p>\n<p>Estas muertes, enfermedades y discapacidades pueden evitarse \u201ccreando ambientes propicios parea la salud\u201d con intervenciones puntuales \u201ccomo el fomento y almacenamiento seguro del agua dom\u00e9stica, una mayor higiene, y la utilizaci\u00f3n de combustibles m\u00e1s limpios y seguros.\u201d<\/p>\n<p>Mientras tanto, en los pa\u00edses desarrollados el MA da\u00f1ado se manifiesta en forma de c\u00e1ncer, enfermedades cardiovasculares, asma y alergias, neumon\u00edas, enfermedades osteomusculares, lesiones por accidentes de tr\u00e1nsito, intoxicaciones y ahogamientos.<\/p>\n<p>La salubridad tambi\u00e9n se ver\u00eda favorecida cuando tengamos edificios seguros, haya un uso y manejo seguro de sustancias t\u00f3xicas en el hogar y en el trabajo y sepamos cuidar bien el agua, aire y todos los recursos agotables del MA.<\/p>\n<p>La presente escasez ficticia de frijoles rojos en un pa\u00eds agr\u00edcola como el nuestro y que es el de mayor extensi\u00f3n geogr\u00e1fica de la regi\u00f3n, introduce una fuerte preocupaci\u00f3n social sobre la Seguridad Alimentaria de la naci\u00f3n, independientemente de la o las causas de un frijol caro que se aleja de las mesas proletarias.<\/p>\n<p>La ONU dedic\u00f3 este d\u00eda ambiental del pasado a\u00f1o al problema medio ambiental de la alimentaci\u00f3n mundial, al recordar que en el mundo, 870 millones de personas sufren de desnutrici\u00f3n y el retraso del crecimiento infantil \u201ces una pandemia silenciosa\u201d.<\/p>\n<p>Ninguna estrategia de pol\u00edticas p\u00fablicas o plataforma de desarrollo ser\u00e1 verdadera, justa e integral si olvidamos que las personas son el centro de todo y que vivimos en un medio ambiente que debemos cuidar y amar.<\/p>\n<p>*Especialista en medicina interna y Qu\u00edmico farmac\u00e9utico.<br \/>\nmaltezvic@hotmail.com<\/p>\n","protected":false},"excerpt":{"rendered":"<p>\u2022 Dedicado a los estados Isle\u00f1os, entre ellos Cuba y resto de las Antillas. \u2022 13 Millones de personas mueren cada a\u00f1o por enfermedades ambientales \u2022 Diarrea, neumon\u00edas, traumatismos, malaria, dengue entre las enfermedades m\u00e1s mort\u00edferas enfermedades ambientales. \u2022Las hambrunas y crisis alimentarias son parte del problema ambiental (ONU). Dr. Vicente Maltez Montiel (*) Naciones [&hellip;]<\/p>\n","protected":false},"author":1,"featured_media":32479,"comment_status":"open","ping_status":"open","sticky":false,"template":"","format":"standard","meta":{"om_disable_all_campaigns":false,"_monsterinsights_skip_tracking":false,"_monsterinsights_sitenote_active":false,"_monsterinsights_sitenote_note":"","_monsterinsights_sitenote_category":0,"footnotes":""},"categories":[3,12],"tags":[],"class_list":["post-32478","post","type-post","status-publish","format-standard","has-post-thumbnail","hentry","category-nacionales","category-blugs"],"aioseo_notices":[],"_links":{"self":[{"href":"https:\/\/elcronistadigital.com\/index.php?rest_route=\/wp\/v2\/posts\/32478","targetHints":{"allow":["GET"]}}],"collection":[{"href":"https:\/\/elcronistadigital.com\/index.php?rest_route=\/wp\/v2\/posts"}],"about":[{"href":"https:\/\/elcronistadigital.com\/index.php?rest_route=\/wp\/v2\/types\/post"}],"author":[{"embeddable":true,"href":"https:\/\/elcronistadigital.com\/index.php?rest_route=\/wp\/v2\/users\/1"}],"replies":[{"embeddable":true,"href":"https:\/\/elcronistadigital.com\/index.php?rest_route=%2Fwp%2Fv2%2Fcomments&post=32478"}],"version-history":[{"count":1,"href":"https:\/\/elcronistadigital.com\/index.php?rest_route=\/wp\/v2\/posts\/32478\/revisions"}],"predecessor-version":[{"id":32480,"href":"https:\/\/elcronistadigital.com\/index.php?rest_route=\/wp\/v2\/posts\/32478\/revisions\/32480"}],"wp:featuredmedia":[{"embeddable":true,"href":"https:\/\/elcronistadigital.com\/index.php?rest_route=\/wp\/v2\/media\/32479"}],"wp:attachment":[{"href":"https:\/\/elcronistadigital.com\/index.php?rest_route=%2Fwp%2Fv2%2Fmedia&parent=32478"}],"wp:term":[{"taxonomy":"category","embeddable":true,"href":"https:\/\/elcronistadigital.com\/index.php?rest_route=%2Fwp%2Fv2%2Fcategories&post=32478"},{"taxonomy":"post_tag","embeddable":true,"href":"https:\/\/elcronistadigital.com\/index.php?rest_route=%2Fwp%2Fv2%2Ftags&post=32478"}],"curies":[{"name":"wp","href":"https:\/\/api.w.org\/{rel}","templated":true}]}}