{"id":32481,"date":"2014-06-05T09:53:21","date_gmt":"2014-06-05T15:53:21","guid":{"rendered":"http:\/\/elcronistadigital.com\/?p=32481"},"modified":"2014-06-05T09:53:21","modified_gmt":"2014-06-05T15:53:21","slug":"nicaragua-se-une-a-campana-mundial-de-cero-caries","status":"publish","type":"post","link":"https:\/\/elcronistadigital.com\/?p=32481","title":{"rendered":"Nicaragua se une a campa\u00f1a mundial de \u201ccero caries\u201d"},"content":{"rendered":"<p><a href=\"https:\/\/elcronistadigital.com\/?attachment_id=32482\" rel=\"attachment wp-att-32482\"><img loading=\"lazy\" decoding=\"async\" class=\"alignleft size-medium wp-image-32482\" alt=\"caries\" src=\"https:\/\/elcronistadigital.com\/wp-content\/uploads\/2014\/06\/caries-300x198.jpg\" width=\"300\" height=\"198\" srcset=\"https:\/\/elcronistadigital.com\/wp-content\/uploads\/2014\/06\/caries-300x198.jpg 300w, https:\/\/elcronistadigital.com\/wp-content\/uploads\/2014\/06\/caries-342x226.jpg 342w, https:\/\/elcronistadigital.com\/wp-content\/uploads\/2014\/06\/caries.jpg 450w\" sizes=\"auto, (max-width: 300px) 100vw, 300px\" \/><\/a>El Ministerio de Salud de Nicaragua suscribi\u00f3 en Panam\u00e1 el mi\u00e9rcoles, la Alianza por un Futuro Libre de Caries, una iniciativa que involucra a todos los pa\u00edses centroamericanos y que obliga a unirse a la campa\u00f1a mundial para detener la caries dental.<\/p>\n<p>Esta campa\u00f1a se dio inicio en septiembre del a\u00f1o 2010 en el marco del Congreso Mundial de la Federaci\u00f3n Dental Internacional (FDI), que tuvo lugar en Brasil y es impulsada por Colgate Palmolive.<\/p>\n<p>Hasta la fecha en Latinoam\u00e9rica han sido lanzados cap\u00edtulos en Brasil, Colombia, M\u00e9xico y Venezuela, a los que ahora se une el cap\u00edtulo de Centroam\u00e9rica, integrados adem\u00e1s por expertos en cardiolog\u00eda, salud p\u00fablica y la Academia de los pa\u00edses Guatemala, El Salvador, Honduras, Nicaragua, Costa Rica y Panam\u00e1.<\/p>\n<p>Este grupo ha planteado la importancia de aprender que la caries dental es un proceso que puede ser controlado y prevenido antes de que tenga lugar el desarrollo de cavidades profundas en las piezas dentales.<\/p>\n<p>La caries dental es la enfermedad m\u00e1s com\u00fan del mundo y afecta a 5 millones de personas, o cerca del 80% de la poblaci\u00f3n del mundo de acuerdo a la Organizaci\u00f3n Mundial de Salud (OMS), por lo que la aspiraci\u00f3n de esta alianza de expertos es integrar un sistema de promoci\u00f3n, prevenci\u00f3n, tratamiento y monitoreo de caries para controlar la enfermedad a lo largo de la vida del individuo.<\/p>\n","protected":false},"excerpt":{"rendered":"<p>El Ministerio de Salud de Nicaragua suscribi\u00f3 en Panam\u00e1 el mi\u00e9rcoles, la Alianza por un Futuro Libre de Caries, una iniciativa que involucra a todos los pa\u00edses centroamericanos y que obliga a unirse a la campa\u00f1a mundial para detener la caries dental. Esta campa\u00f1a se dio inicio en septiembre del a\u00f1o 2010 en el marco [&hellip;]<\/p>\n","protected":false},"author":1,"featured_media":32482,"comment_status":"open","ping_status":"open","sticky":false,"template":"","format":"standard","meta":{"om_disable_all_campaigns":false,"_monsterinsights_skip_tracking":false,"_monsterinsights_sitenote_active":false,"_monsterinsights_sitenote_note":"","_monsterinsights_sitenote_category":0,"footnotes":""},"categories":[3,7],"tags":[],"class_list":["post-32481","post","type-post","status-publish","format-standard","has-post-thumbnail","hentry","category-nacionales","category-salud-y-belleza"],"aioseo_notices":[],"_links":{"self":[{"href":"https:\/\/elcronistadigital.com\/index.php?rest_route=\/wp\/v2\/posts\/32481","targetHints":{"allow":["GET"]}}],"collection":[{"href":"https:\/\/elcronistadigital.com\/index.php?rest_route=\/wp\/v2\/posts"}],"about":[{"href":"https:\/\/elcronistadigital.com\/index.php?rest_route=\/wp\/v2\/types\/post"}],"author":[{"embeddable":true,"href":"https:\/\/elcronistadigital.com\/index.php?rest_route=\/wp\/v2\/users\/1"}],"replies":[{"embeddable":true,"href":"https:\/\/elcronistadigital.com\/index.php?rest_route=%2Fwp%2Fv2%2Fcomments&post=32481"}],"version-history":[{"count":1,"href":"https:\/\/elcronistadigital.com\/index.php?rest_route=\/wp\/v2\/posts\/32481\/revisions"}],"predecessor-version":[{"id":32483,"href":"https:\/\/elcronistadigital.com\/index.php?rest_route=\/wp\/v2\/posts\/32481\/revisions\/32483"}],"wp:featuredmedia":[{"embeddable":true,"href":"https:\/\/elcronistadigital.com\/index.php?rest_route=\/wp\/v2\/media\/32482"}],"wp:attachment":[{"href":"https:\/\/elcronistadigital.com\/index.php?rest_route=%2Fwp%2Fv2%2Fmedia&parent=32481"}],"wp:term":[{"taxonomy":"category","embeddable":true,"href":"https:\/\/elcronistadigital.com\/index.php?rest_route=%2Fwp%2Fv2%2Fcategories&post=32481"},{"taxonomy":"post_tag","embeddable":true,"href":"https:\/\/elcronistadigital.com\/index.php?rest_route=%2Fwp%2Fv2%2Ftags&post=32481"}],"curies":[{"name":"wp","href":"https:\/\/api.w.org\/{rel}","templated":true}]}}