{"id":32490,"date":"2014-06-05T12:20:05","date_gmt":"2014-06-05T18:20:05","guid":{"rendered":"http:\/\/elcronistadigital.com\/?p=32490"},"modified":"2014-06-05T12:20:05","modified_gmt":"2014-06-05T18:20:05","slug":"muerte-de-nica-destapa-maltrato-a-migrantes-en-espana","status":"publish","type":"post","link":"https:\/\/elcronistadigital.com\/?p=32490","title":{"rendered":"Muerte de nica destapa maltrato a migrantes en Espa\u00f1a"},"content":{"rendered":"<div id=\"attachment_32491\" style=\"width: 310px\" class=\"wp-caption alignleft\"><a href=\"https:\/\/elcronistadigital.com\/?attachment_id=32491\" rel=\"attachment wp-att-32491\"><img loading=\"lazy\" decoding=\"async\" aria-describedby=\"caption-attachment-32491\" class=\"size-medium wp-image-32491\" alt=\"Jeaneth de los \u00c1ngeles Beltr\u00e1n.\" src=\"https:\/\/elcronistadigital.com\/wp-content\/uploads\/2014\/06\/Jeaneth-de-los-\u00c1ngeles-Beltr\u00e1n-1-300x218.jpg\" width=\"300\" height=\"218\" srcset=\"https:\/\/elcronistadigital.com\/wp-content\/uploads\/2014\/06\/Jeaneth-de-los-\u00c1ngeles-Beltr\u00e1n-1-300x218.jpg 300w, https:\/\/elcronistadigital.com\/wp-content\/uploads\/2014\/06\/Jeaneth-de-los-\u00c1ngeles-Beltr\u00e1n-1-342x249.jpg 342w, https:\/\/elcronistadigital.com\/wp-content\/uploads\/2014\/06\/Jeaneth-de-los-\u00c1ngeles-Beltr\u00e1n-1-60x45.jpg 60w, https:\/\/elcronistadigital.com\/wp-content\/uploads\/2014\/06\/Jeaneth-de-los-\u00c1ngeles-Beltr\u00e1n-1-90x65.jpg 90w, https:\/\/elcronistadigital.com\/wp-content\/uploads\/2014\/06\/Jeaneth-de-los-\u00c1ngeles-Beltr\u00e1n-1.jpg 640w\" sizes=\"auto, (max-width: 300px) 100vw, 300px\" \/><\/a><p id=\"caption-attachment-32491\" class=\"wp-caption-text\">Jeaneth de los \u00c1ngeles Beltr\u00e1n.<\/p><\/div>\n<p>* Gobierno de Nicaragua no se ha pronunciado sobre caso de Jeaneth de los \u00c1ngeles Beltr\u00e1n, de 30 a\u00f1os, la joven que falleci\u00f3 en pasillo de hospital en Toledo. Ten\u00eda tres a\u00f1os de residir en \u201cla madre Patria\u201d, que en este caso result\u00f3 ser malvada madrastra.<\/p>\n<p>Nelson Rodr\u00edguez<br \/>\nCimacnoticias<\/p>\n<p>Este mes, Jeaneth Beltr\u00e1n, de 30 a\u00f1os, cumplir\u00eda tres a\u00f1os de vivir en Toledo, Espa\u00f1a, a donde lleg\u00f3 en busca de trabajo para ayudar a su madre de 62 a\u00f1os, a mejorar su casa, pero su meta qued\u00f3 inconclusa porque la muerte la alcanz\u00f3 el pasado viernes 23 de mayo en un hospital, luego de esperar cinco horas para que la atendieran.<\/p>\n<p>Seg\u00fan cont\u00f3 su hermana, Bertha Beltr\u00e1n, ese d\u00eda Jeaneth se sinti\u00f3 mal de salud, por lo que llam\u00f3 a una amiga para que al concluir su trabajo la acompa\u00f1ara al hospital Virgen de la Salud, en Toledo, pero no las quer\u00edan dejar ingresar al edificio porque carec\u00edan de identificaci\u00f3n; luego las dejaron pasar a una sala de espera, tiempo en el cual Jeaneth convulsion\u00f3.<\/p>\n<p>Cuando su amiga decide llev\u00e1rsela en estado cr\u00edtico a otro hospital, finalmente la atendieron, pero una hora despu\u00e9s le informaron de su muerte.<\/p>\n<p>Bertha critic\u00f3 la indolencia del personal del hospital al dejar a su hermana esperar tanto tiempo, pese a que necesitaba atenci\u00f3n urgente ante el fuerte dolor de cabeza y la presi\u00f3n alta que presentaba, seg\u00fan le inform\u00f3 su amiga.<\/p>\n<p>Esto es una muestra del desprecio a los Derechos Humanos (DH) de las migrantes; tanto el Estado nicarag\u00fcense como el de Espa\u00f1a tienen responsabilidades: el primero por expulsar a sus ciudadanas ante la falta de oportunidades laborales y el segundo por su funci\u00f3n de brindar el derecho a la salud a las migrantes, acus\u00f3 Juanita Jim\u00e9nez, del Movimiento Aut\u00f3nomo de Mujeres (MAM) de Nicaragua.<\/p>\n<p>Es lamentable que esto ocurra en Espa\u00f1a, un pa\u00eds que es abanderado en DH, pero que aparentemente tiene debilidades en la atenci\u00f3n al derecho a la salud para las migrantes que carecen de documentos de estancia legal, abund\u00f3 Jim\u00e9nez.<\/p>\n<p>\u201cLamentamos que hayan actitudes xenof\u00f3bicas contra las migrantes, no s\u00f3lo nicarag\u00fcense sino de cualquier otro lado\u201d, expres\u00f3 Sandra Ramos, directora de la organizaci\u00f3n Movimiento de Mujeres Trabajadoras Mar\u00eda Elena Cuadra.<\/p>\n<p>Ramos demand\u00f3 al Estado nicarag\u00fcense pida una investigaci\u00f3n y se aclare el caso para despejar dudas sobre las responsabilidades de las autoridades espa\u00f1olas, ya que se trata de una vida y una familia.<\/p>\n<p>En un comunicado, publicado en diarios espa\u00f1oles, el hospital pidi\u00f3 respeto y que no se especule con el fallecimiento de Jeaneth Beltr\u00e1n. Adelant\u00f3 que est\u00e1 en curso una investigaci\u00f3n.<\/p>\n<p>Nicaragua hasta ahora no se ha pronunciado, s\u00f3lo el consulado en Madrid ofreci\u00f3 ayudar a repatriar las cenizas, argumentando que era \u201clo \u00fanico que pod\u00eda hacer\u201d.<\/p>\n<p>La mam\u00e1 de Jeaneth pidi\u00f3 la colaboraci\u00f3n ciudadana para repatriar el cad\u00e1ver de su hija y sepultarla en Nicaragua. Recibi\u00f3 donaciones de personas de Canad\u00e1, Estados Unidos, Inglaterra y Espa\u00f1a.<\/p>\n<p>La funeraria San Rom\u00e1n, en Toledo, se solidariz\u00f3 y rebaj\u00f3 de 13 mil 500 euros (cerca de 238 mil pesos mexicanos) a 7 mil euros (poco m\u00e1s de 123 mil pesos mexicanos) el traslado del cuerpo a Managua, programado para hoy.<\/p>\n<p>SOLIDARIDAD<\/p>\n<p>El caso de Jeaneth ha unido a centenares de mujeres migrantes en Espa\u00f1a, no s\u00f3lo nicarag\u00fcenses sino de otras nacionalidades, sobre todo de Am\u00e9rica Latina, ya que consideran que los recortes estatales de salud en el pa\u00eds ib\u00e9rico han dejado en la indefensi\u00f3n a las migrantes sin documentos, asegur\u00f3 Yamileth Chavarr\u00eda, una nicarag\u00fcense que ha estado al frente de este caso.<\/p>\n<p>\u201cHay hechos documentados que demuestran que los recortes en salud son una iniciativa para arrebatar esperanza a las migrantes; lamentablemente son iniciativas legales para matar\u201d, dijo Chavarr\u00eda v\u00eda Skype a Cimacnoticias.<\/p>\n<p>Un estudio de la organizaci\u00f3n M\u00e9dicos del Mundo en Espa\u00f1a se\u00f1ala que m\u00e1s de mil personas han sufrido alg\u00fan tipo de vulnerabilidad en su derecho a la salud, a ra\u00edz de la entrada en vigor del Decreto Ley 16\/2012, referente a la salud. La mayor\u00eda de las personas afectadas son migrantes sin documentos.<\/p>\n<p>Seg\u00fan las autoridades nicarag\u00fcenses, hasta 2013 se reportaban unas 80 mil personas originarias de Nicaragua viviendo en Espa\u00f1a y 80 por ciento son mujeres que trabajan en su mayor\u00eda al cuidado de la ni\u00f1ez y personas adultas mayores. Muchas de ellas llegaron como turistas, pero se han quedado en Europa condici\u00f3n migratoria irregular.<\/p>\n","protected":false},"excerpt":{"rendered":"<p>* Gobierno de Nicaragua no se ha pronunciado sobre caso de Jeaneth de los \u00c1ngeles Beltr\u00e1n, de 30 a\u00f1os, la joven que falleci\u00f3 en pasillo de hospital en Toledo. Ten\u00eda tres a\u00f1os de residir en \u201cla madre Patria\u201d, que en este caso result\u00f3 ser malvada madrastra. Nelson Rodr\u00edguez Cimacnoticias Este mes, Jeaneth Beltr\u00e1n, de 30 [&hellip;]<\/p>\n","protected":false},"author":1,"featured_media":32491,"comment_status":"open","ping_status":"open","sticky":false,"template":"","format":"standard","meta":{"om_disable_all_campaigns":false,"_monsterinsights_skip_tracking":false,"_monsterinsights_sitenote_active":false,"_monsterinsights_sitenote_note":"","_monsterinsights_sitenote_category":0,"footnotes":""},"categories":[3524,13],"tags":[],"class_list":["post-32490","post","type-post","status-publish","format-standard","has-post-thumbnail","hentry","category-noticas","category-portada"],"aioseo_notices":[],"_links":{"self":[{"href":"https:\/\/elcronistadigital.com\/index.php?rest_route=\/wp\/v2\/posts\/32490","targetHints":{"allow":["GET"]}}],"collection":[{"href":"https:\/\/elcronistadigital.com\/index.php?rest_route=\/wp\/v2\/posts"}],"about":[{"href":"https:\/\/elcronistadigital.com\/index.php?rest_route=\/wp\/v2\/types\/post"}],"author":[{"embeddable":true,"href":"https:\/\/elcronistadigital.com\/index.php?rest_route=\/wp\/v2\/users\/1"}],"replies":[{"embeddable":true,"href":"https:\/\/elcronistadigital.com\/index.php?rest_route=%2Fwp%2Fv2%2Fcomments&post=32490"}],"version-history":[{"count":1,"href":"https:\/\/elcronistadigital.com\/index.php?rest_route=\/wp\/v2\/posts\/32490\/revisions"}],"predecessor-version":[{"id":32492,"href":"https:\/\/elcronistadigital.com\/index.php?rest_route=\/wp\/v2\/posts\/32490\/revisions\/32492"}],"wp:featuredmedia":[{"embeddable":true,"href":"https:\/\/elcronistadigital.com\/index.php?rest_route=\/wp\/v2\/media\/32491"}],"wp:attachment":[{"href":"https:\/\/elcronistadigital.com\/index.php?rest_route=%2Fwp%2Fv2%2Fmedia&parent=32490"}],"wp:term":[{"taxonomy":"category","embeddable":true,"href":"https:\/\/elcronistadigital.com\/index.php?rest_route=%2Fwp%2Fv2%2Fcategories&post=32490"},{"taxonomy":"post_tag","embeddable":true,"href":"https:\/\/elcronistadigital.com\/index.php?rest_route=%2Fwp%2Fv2%2Ftags&post=32490"}],"curies":[{"name":"wp","href":"https:\/\/api.w.org\/{rel}","templated":true}]}}