{"id":32499,"date":"2014-06-06T07:35:46","date_gmt":"2014-06-06T13:35:46","guid":{"rendered":"http:\/\/elcronistadigital.com\/?p=32499"},"modified":"2014-06-06T07:35:46","modified_gmt":"2014-06-06T13:35:46","slug":"impulsaran-cruzada-nacional-de-reforestacion","status":"publish","type":"post","link":"https:\/\/elcronistadigital.com\/?p=32499","title":{"rendered":"Impulsar\u00e1n cruzada nacional de reforestaci\u00f3n"},"content":{"rendered":"<p><a href=\"https:\/\/elcronistadigital.com\/?attachment_id=32500\" rel=\"attachment wp-att-32500\"><img loading=\"lazy\" decoding=\"async\" class=\"alignleft size-medium wp-image-32500\" alt=\"reforestacion\" src=\"https:\/\/elcronistadigital.com\/wp-content\/uploads\/2014\/06\/reforestacion-300x224.jpg\" width=\"300\" height=\"224\" srcset=\"https:\/\/elcronistadigital.com\/wp-content\/uploads\/2014\/06\/reforestacion-300x224.jpg 300w, https:\/\/elcronistadigital.com\/wp-content\/uploads\/2014\/06\/reforestacion-342x256.jpg 342w, https:\/\/elcronistadigital.com\/wp-content\/uploads\/2014\/06\/reforestacion-60x45.jpg 60w, https:\/\/elcronistadigital.com\/wp-content\/uploads\/2014\/06\/reforestacion-150x113.jpg 150w, https:\/\/elcronistadigital.com\/wp-content\/uploads\/2014\/06\/reforestacion-269x201.jpg 269w, https:\/\/elcronistadigital.com\/wp-content\/uploads\/2014\/06\/reforestacion.jpg 691w\" sizes=\"auto, (max-width: 300px) 100vw, 300px\" \/><\/a>Nicaragua impulsar\u00e1 a trav\u00e9s del Ministerio del Ambiente, una cruzada nacional de reforestaci\u00f3n a fin de preservar el patrimonio natural, dijo la titular de la mencionada cartera, Juana Arge\u00f1al.<\/p>\n<p>El actual gobierno est\u00e1 integrando a las familias nicarag\u00fcenses en la estrategia \u00ab\u00bbVivir Sano, Vivir Limpio, Vivir Bonito, para Vivir Bien\u00bb, record\u00f3 Arge\u00f1al con motivo de la conmemoraci\u00f3n del D\u00eda Internacional del Medio Ambiente.<\/p>\n<p>\u00abCon esa estrategia se promueven importantes valores para el cuidado y protecci\u00f3n de la Madre Tierra y la convivencia con la misma, porque tenemos un compromiso con la preservaci\u00f3n de todo el patrimonio natural de los nicarag\u00fcenses\u00bb, subray\u00f3 la funcionaria en declaraciones a periodistas.<\/p>\n<p>Agreg\u00f3 que en esta fecha se inicia la gran cruzada nacional de reforestaci\u00f3n, \u00abpara crear ese amor a los \u00e1rboles, y ya se han logrado recuperar 84.000 hect\u00e1reas de bosques\u00bb.<\/p>\n","protected":false},"excerpt":{"rendered":"<p>Nicaragua impulsar\u00e1 a trav\u00e9s del Ministerio del Ambiente, una cruzada nacional de reforestaci\u00f3n a fin de preservar el patrimonio natural, dijo la titular de la mencionada cartera, Juana Arge\u00f1al. El actual gobierno est\u00e1 integrando a las familias nicarag\u00fcenses en la estrategia \u00ab\u00bbVivir Sano, Vivir Limpio, Vivir Bonito, para Vivir Bien\u00bb, record\u00f3 Arge\u00f1al con motivo de [&hellip;]<\/p>\n","protected":false},"author":1,"featured_media":32500,"comment_status":"open","ping_status":"open","sticky":false,"template":"","format":"standard","meta":{"om_disable_all_campaigns":false,"_monsterinsights_skip_tracking":false,"_monsterinsights_sitenote_active":false,"_monsterinsights_sitenote_note":"","_monsterinsights_sitenote_category":0,"footnotes":""},"categories":[3],"tags":[],"class_list":["post-32499","post","type-post","status-publish","format-standard","has-post-thumbnail","hentry","category-nacionales"],"aioseo_notices":[],"_links":{"self":[{"href":"https:\/\/elcronistadigital.com\/index.php?rest_route=\/wp\/v2\/posts\/32499","targetHints":{"allow":["GET"]}}],"collection":[{"href":"https:\/\/elcronistadigital.com\/index.php?rest_route=\/wp\/v2\/posts"}],"about":[{"href":"https:\/\/elcronistadigital.com\/index.php?rest_route=\/wp\/v2\/types\/post"}],"author":[{"embeddable":true,"href":"https:\/\/elcronistadigital.com\/index.php?rest_route=\/wp\/v2\/users\/1"}],"replies":[{"embeddable":true,"href":"https:\/\/elcronistadigital.com\/index.php?rest_route=%2Fwp%2Fv2%2Fcomments&post=32499"}],"version-history":[{"count":1,"href":"https:\/\/elcronistadigital.com\/index.php?rest_route=\/wp\/v2\/posts\/32499\/revisions"}],"predecessor-version":[{"id":32501,"href":"https:\/\/elcronistadigital.com\/index.php?rest_route=\/wp\/v2\/posts\/32499\/revisions\/32501"}],"wp:featuredmedia":[{"embeddable":true,"href":"https:\/\/elcronistadigital.com\/index.php?rest_route=\/wp\/v2\/media\/32500"}],"wp:attachment":[{"href":"https:\/\/elcronistadigital.com\/index.php?rest_route=%2Fwp%2Fv2%2Fmedia&parent=32499"}],"wp:term":[{"taxonomy":"category","embeddable":true,"href":"https:\/\/elcronistadigital.com\/index.php?rest_route=%2Fwp%2Fv2%2Fcategories&post=32499"},{"taxonomy":"post_tag","embeddable":true,"href":"https:\/\/elcronistadigital.com\/index.php?rest_route=%2Fwp%2Fv2%2Ftags&post=32499"}],"curies":[{"name":"wp","href":"https:\/\/api.w.org\/{rel}","templated":true}]}}