{"id":32502,"date":"2014-06-06T07:54:42","date_gmt":"2014-06-06T13:54:42","guid":{"rendered":"http:\/\/elcronistadigital.com\/?p=32502"},"modified":"2014-06-06T07:54:42","modified_gmt":"2014-06-06T13:54:42","slug":"espanoles-en-nicaragua-contra-reforma-electoral","status":"publish","type":"post","link":"https:\/\/elcronistadigital.com\/?p=32502","title":{"rendered":"Espa\u00f1oles en Nicaragua contra reforma electoral"},"content":{"rendered":"<p><a href=\"https:\/\/elcronistadigital.com\/?attachment_id=32503\" rel=\"attachment wp-att-32503\"><img loading=\"lazy\" decoding=\"async\" class=\"alignleft size-full wp-image-32503\" alt=\"espa\u00f1a voto\" src=\"https:\/\/elcronistadigital.com\/wp-content\/uploads\/2014\/06\/espa\u00f1a-voto.jpg\" width=\"230\" height=\"219\" \/><\/a>Los residentes espa\u00f1oles en Nicaragua se sumaron a las protestas de sus pares en otros pa\u00edses por la existencia de una reforma electoral que dej\u00f3 sin votar a miles de hispanos diseminados por todo el planeta.<\/p>\n<p>El presidente del Consejo de Residentes Espa\u00f1oles (CRE) de Nicaragua, Joaquim Rabella, se dirigi\u00f3 al presidente y sus compa\u00f1eros del Consejo General de la Ciudadan\u00eda Espa\u00f1ola en el Exterior (CGCEE) para indicarles que el CRE de Nicaragua se suma a las protestas de los dem\u00e1s Consejos de Residentes Espa\u00f1oles.<\/p>\n<p>La reforma ha dejado a miles de espa\u00f1oles y espa\u00f1olas en el mundo sin poder votar, \u201cviolando con ellos nuestros derechos civiles y pol\u00edticos\u201d, se\u00f1ala.<\/p>\n<p>Joaquim Rabella informa de que en Nicaragua, concretamente, de 1.004 residentes con derecho a voto, s\u00f3lo pudieron votar dos personas en la Oficina Consular y alg\u00fan otro por correo. Toda la documentaci\u00f3n con las correspondientes papeletas de votos lleg\u00f3 posteriormente al plazo de votaci\u00f3n.<\/p>\n<p>\u201cEn nombre de toda nuestra comunidad exigimos ya la revocaci\u00f3n de esta ley\u201d, finaliza el presidente del CRE de Nicaragua.<\/p>\n<p>Esta petici\u00f3n recibi\u00f3 la adhesi\u00f3n de los CRE de G\u00e9nova, en Italia; de Costa Rica y de Rep\u00fablica Dominicana, as\u00ed como de la Coordinadora Europea de Asociaciones de Emigrantes Espa\u00f1oles.<\/p>\n","protected":false},"excerpt":{"rendered":"<p>Los residentes espa\u00f1oles en Nicaragua se sumaron a las protestas de sus pares en otros pa\u00edses por la existencia de una reforma electoral que dej\u00f3 sin votar a miles de hispanos diseminados por todo el planeta. El presidente del Consejo de Residentes Espa\u00f1oles (CRE) de Nicaragua, Joaquim Rabella, se dirigi\u00f3 al presidente y sus compa\u00f1eros [&hellip;]<\/p>\n","protected":false},"author":1,"featured_media":32503,"comment_status":"open","ping_status":"open","sticky":false,"template":"","format":"standard","meta":{"om_disable_all_campaigns":false,"_monsterinsights_skip_tracking":false,"_monsterinsights_sitenote_active":false,"_monsterinsights_sitenote_note":"","_monsterinsights_sitenote_category":0,"footnotes":""},"categories":[3524],"tags":[],"class_list":["post-32502","post","type-post","status-publish","format-standard","has-post-thumbnail","hentry","category-noticas"],"aioseo_notices":[],"_links":{"self":[{"href":"https:\/\/elcronistadigital.com\/index.php?rest_route=\/wp\/v2\/posts\/32502","targetHints":{"allow":["GET"]}}],"collection":[{"href":"https:\/\/elcronistadigital.com\/index.php?rest_route=\/wp\/v2\/posts"}],"about":[{"href":"https:\/\/elcronistadigital.com\/index.php?rest_route=\/wp\/v2\/types\/post"}],"author":[{"embeddable":true,"href":"https:\/\/elcronistadigital.com\/index.php?rest_route=\/wp\/v2\/users\/1"}],"replies":[{"embeddable":true,"href":"https:\/\/elcronistadigital.com\/index.php?rest_route=%2Fwp%2Fv2%2Fcomments&post=32502"}],"version-history":[{"count":1,"href":"https:\/\/elcronistadigital.com\/index.php?rest_route=\/wp\/v2\/posts\/32502\/revisions"}],"predecessor-version":[{"id":32504,"href":"https:\/\/elcronistadigital.com\/index.php?rest_route=\/wp\/v2\/posts\/32502\/revisions\/32504"}],"wp:featuredmedia":[{"embeddable":true,"href":"https:\/\/elcronistadigital.com\/index.php?rest_route=\/wp\/v2\/media\/32503"}],"wp:attachment":[{"href":"https:\/\/elcronistadigital.com\/index.php?rest_route=%2Fwp%2Fv2%2Fmedia&parent=32502"}],"wp:term":[{"taxonomy":"category","embeddable":true,"href":"https:\/\/elcronistadigital.com\/index.php?rest_route=%2Fwp%2Fv2%2Fcategories&post=32502"},{"taxonomy":"post_tag","embeddable":true,"href":"https:\/\/elcronistadigital.com\/index.php?rest_route=%2Fwp%2Fv2%2Ftags&post=32502"}],"curies":[{"name":"wp","href":"https:\/\/api.w.org\/{rel}","templated":true}]}}