{"id":32505,"date":"2014-06-06T08:10:31","date_gmt":"2014-06-06T14:10:31","guid":{"rendered":"http:\/\/elcronistadigital.com\/?p=32505"},"modified":"2014-06-06T08:10:31","modified_gmt":"2014-06-06T14:10:31","slug":"migrantes-relatan-horrores-en-territorio-mexicano","status":"publish","type":"post","link":"https:\/\/elcronistadigital.com\/?p=32505","title":{"rendered":"Migrantes relatan horrores en territorio mexicano"},"content":{"rendered":"<p><a href=\"https:\/\/elcronistadigital.com\/?attachment_id=32506\" rel=\"attachment wp-att-32506\"><img loading=\"lazy\" decoding=\"async\" class=\"alignleft size-medium wp-image-32506\" alt=\"horror\" src=\"https:\/\/elcronistadigital.com\/wp-content\/uploads\/2014\/06\/horror-300x225.png\" width=\"300\" height=\"225\" srcset=\"https:\/\/elcronistadigital.com\/wp-content\/uploads\/2014\/06\/horror-300x225.png 300w, https:\/\/elcronistadigital.com\/wp-content\/uploads\/2014\/06\/horror-60x45.png 60w, https:\/\/elcronistadigital.com\/wp-content\/uploads\/2014\/06\/horror-150x113.png 150w, https:\/\/elcronistadigital.com\/wp-content\/uploads\/2014\/06\/horror-269x201.png 269w, https:\/\/elcronistadigital.com\/wp-content\/uploads\/2014\/06\/horror.png 320w\" sizes=\"auto, (max-width: 300px) 100vw, 300px\" \/><\/a>* \u201cEn el tren iba un ni\u00f1o de doce a\u00f1os, los pandilleros lo agarraron y le dispararon dos tiros en la cabeza. No les bast\u00f3 matarlo, se bajaron, lo decapitaron y lo partieron en dos, le abrieron su est\u00f3mago&#8230; \u00bfc\u00f3mo es posible que esto est\u00e9 pasando?\u201d.<\/p>\n<p>Un grupo de migrantes provenientes de El Salvador, Honduras, Guatemala y Nicaragua expuso el jueves ante los representantes del Senado en M\u00e9xico, la angustia, sufrimiento y el terror que viven durante su recorrido por ese pa\u00eds en camino a Estados Unidos, seg\u00fan public\u00f3 Sexenio.<\/p>\n<p>Los migrantes presentaron sus testimonios ante los senadores integrantes de la Comisi\u00f3n de Relaciones Exteriores para Am\u00e9rica Latina y el Caribe, Mariana G\u00f3mez del Campo, del PAN y Dolores Padierna y Zo\u00e9 Robledo, del PRD.<\/p>\n<p>El hondure\u00f1o Emerson Javier Arias comparti\u00f3 su experiencia en el tren de Tenosique a Coatzacoalcos, en el que se suben muchos maras a robar sus pertenencias.<\/p>\n<p>\u201cLo m\u00e1s picante\u201d es el trayecto de la Chontalpa a Coatzacoalcos, en donde pandilleros se suben al tren, con la ayuda de los maquinistas, para robar a los migrantes.<\/p>\n<p>\u201cEn el tren iba un ni\u00f1o de doce a\u00f1os, los pandilleros lo agarraron y le dispararon dos tiros en la cabeza. No les bast\u00f3 matarlo, se bajaron, lo decapitaron y lo partieron en dos, le abrieron su est\u00f3mago&#8230; \u00bfc\u00f3mo es posible que esto est\u00e9 pasando?\u201d.<\/p>\n<p>Los migrantes han afirmado sufrir dolor, hambre, discriminaci\u00f3n, violaciones y robos durante su trayecto, denunciando los abusos generalizados de los que son sujetos durante su tr\u00e1nsito por M\u00e9xico, por lo que solicitaron al Senado un trato digno \u201cqueremos seguridad humana&#8230; trato digno, no somos animales\u201d.<\/p>\n<p>Acompa\u00f1ados por el padre Alejandro Solalinde, los migrantes acudieron al encuentro A Favor de una Migraci\u00f3n con Rostro Humano, denunciando la situaci\u00f3n de pobreza einseguridad que prevalece en sus pa\u00edses y el maltrato al que se enfrentan por parte de las autoridades y la delincuencia en M\u00e9xico.<\/p>\n<p>Del mismo modo, pidieron un alto a los abusos de las autoridades de todos los niveles, reprochando la corrupci\u00f3n y el olvido de sus gobiernos respectivos, lo que aseguraron les obliga a emigrar hacia Estados Unidos en busca de empleo y mejores oportunidades para sus familias.<\/p>\n","protected":false},"excerpt":{"rendered":"<p>* \u201cEn el tren iba un ni\u00f1o de doce a\u00f1os, los pandilleros lo agarraron y le dispararon dos tiros en la cabeza. No les bast\u00f3 matarlo, se bajaron, lo decapitaron y lo partieron en dos, le abrieron su est\u00f3mago&#8230; \u00bfc\u00f3mo es posible que esto est\u00e9 pasando?\u201d. Un grupo de migrantes provenientes de El Salvador, Honduras, [&hellip;]<\/p>\n","protected":false},"author":1,"featured_media":32506,"comment_status":"open","ping_status":"open","sticky":false,"template":"","format":"standard","meta":{"om_disable_all_campaigns":false,"_monsterinsights_skip_tracking":false,"_monsterinsights_sitenote_active":false,"_monsterinsights_sitenote_note":"","_monsterinsights_sitenote_category":0,"footnotes":""},"categories":[16,3524],"tags":[],"class_list":["post-32505","post","type-post","status-publish","format-standard","has-post-thumbnail","hentry","category-migrante","category-noticas"],"aioseo_notices":[],"_links":{"self":[{"href":"https:\/\/elcronistadigital.com\/index.php?rest_route=\/wp\/v2\/posts\/32505","targetHints":{"allow":["GET"]}}],"collection":[{"href":"https:\/\/elcronistadigital.com\/index.php?rest_route=\/wp\/v2\/posts"}],"about":[{"href":"https:\/\/elcronistadigital.com\/index.php?rest_route=\/wp\/v2\/types\/post"}],"author":[{"embeddable":true,"href":"https:\/\/elcronistadigital.com\/index.php?rest_route=\/wp\/v2\/users\/1"}],"replies":[{"embeddable":true,"href":"https:\/\/elcronistadigital.com\/index.php?rest_route=%2Fwp%2Fv2%2Fcomments&post=32505"}],"version-history":[{"count":1,"href":"https:\/\/elcronistadigital.com\/index.php?rest_route=\/wp\/v2\/posts\/32505\/revisions"}],"predecessor-version":[{"id":32507,"href":"https:\/\/elcronistadigital.com\/index.php?rest_route=\/wp\/v2\/posts\/32505\/revisions\/32507"}],"wp:featuredmedia":[{"embeddable":true,"href":"https:\/\/elcronistadigital.com\/index.php?rest_route=\/wp\/v2\/media\/32506"}],"wp:attachment":[{"href":"https:\/\/elcronistadigital.com\/index.php?rest_route=%2Fwp%2Fv2%2Fmedia&parent=32505"}],"wp:term":[{"taxonomy":"category","embeddable":true,"href":"https:\/\/elcronistadigital.com\/index.php?rest_route=%2Fwp%2Fv2%2Fcategories&post=32505"},{"taxonomy":"post_tag","embeddable":true,"href":"https:\/\/elcronistadigital.com\/index.php?rest_route=%2Fwp%2Fv2%2Ftags&post=32505"}],"curies":[{"name":"wp","href":"https:\/\/api.w.org\/{rel}","templated":true}]}}