{"id":32511,"date":"2014-06-06T09:48:42","date_gmt":"2014-06-06T15:48:42","guid":{"rendered":"http:\/\/elcronistadigital.com\/?p=32511"},"modified":"2014-06-06T09:48:54","modified_gmt":"2014-06-06T15:48:54","slug":"el-nino-amenaza-tambien-a-las-frutas","status":"publish","type":"post","link":"https:\/\/elcronistadigital.com\/?p=32511","title":{"rendered":"\u201cEl Ni\u00f1o\u201d amenaza tambi\u00e9n a las frutas"},"content":{"rendered":"<p><a href=\"https:\/\/elcronistadigital.com\/?attachment_id=32512\" rel=\"attachment wp-att-32512\"><img loading=\"lazy\" decoding=\"async\" class=\"alignleft size-medium wp-image-32512\" alt=\"frutas huembes\" src=\"https:\/\/elcronistadigital.com\/wp-content\/uploads\/2014\/06\/frutas-huembes-300x225.jpg\" width=\"300\" height=\"225\" srcset=\"https:\/\/elcronistadigital.com\/wp-content\/uploads\/2014\/06\/frutas-huembes-300x225.jpg 300w, https:\/\/elcronistadigital.com\/wp-content\/uploads\/2014\/06\/frutas-huembes-342x256.jpg 342w, https:\/\/elcronistadigital.com\/wp-content\/uploads\/2014\/06\/frutas-huembes-60x45.jpg 60w, https:\/\/elcronistadigital.com\/wp-content\/uploads\/2014\/06\/frutas-huembes-150x113.jpg 150w, https:\/\/elcronistadigital.com\/wp-content\/uploads\/2014\/06\/frutas-huembes-269x201.jpg 269w, https:\/\/elcronistadigital.com\/wp-content\/uploads\/2014\/06\/frutas-huembes.jpg 500w\" sizes=\"auto, (max-width: 300px) 100vw, 300px\" \/><\/a>La sequ\u00eda provocada por el fen\u00f3meno \u201cEl Ni\u00f1o\u201d moviliz\u00f3 tambi\u00e9n a los productores de frutas del pa\u00eds, cuyos representantes se reunieron el jueves con el gabinete de producci\u00f3n del gobierno a fin de analizar la situaci\u00f3n climatol\u00f3gica.<\/p>\n<p>Aparte de los da\u00f1os de \u201cEl Ni\u00f1o\u201d, una de las principales preocupaciones de los productores radica en buscar mecanismos para facilitar la exportaci\u00f3n de sus productos y las proyecciones para las cosechas en los meses venideros.<\/p>\n<p>\u201cEstamos satisfechos porque vamos avanzando en la b\u00fasqueda de la soluci\u00f3n para poder obtener \u00e9xito en nuestras cosechas, sobre todo en estos momentos en los que estamos siendo afectados por el fen\u00f3meno de El Ni\u00f1o, nos preocupa la afectaci\u00f3n que podemos sufrir en nuestras cosechas debido a esta situaci\u00f3n.<\/p>\n<p>\u201cSin embargo, seguimos buscando los mecanismos adecuados para poder cosechar. Para este a\u00f1o nuestra proyecci\u00f3n es lograr el cultivo de 100 manzanas y nuestra idea es obtener m\u00e1s de cinco mil frutas por manzana\u201d, expres\u00f3 Plutarco Andrade, productor de sand\u00edas del departamento de Rivas.<\/p>\n<p>\u201cRealmente el contacto con el gobierno es un enorme beneficio porque venimos a exponer nuestras problem\u00e1ticas, una de nuestras grandes peticiones para el gobierno es su apoyo en cuanto a la comercializaci\u00f3n de las frutas, ya que en este momento estamos produciendo mil manzanas de pitahaya, la cual pretendemos exportar a Estados Unidos para lo cual necesitamos del apoyo del Gobierno Central para ampliar nuestra comercializaci\u00f3n\u201d, manifest\u00f3 Alonso Aguirre, productor de pitahaya del departamento de Masaya.<\/p>\n<p>\u201cDentro de las acciones que estamos realizando para contrarrestar un poco las afectaciones de la sequ\u00eda es la implementaci\u00f3n de la foliaci\u00f3n de las plantas, nuestro reto es trabajar de la mano con el gobierno a trav\u00e9s de la asistencia t\u00e9cnica, que sabemos ser\u00e1 de mucha importancia para enfrentar las situaciones clim\u00e1ticas como la que estamos viviendo\u201d, dijo por su parte Julio Blass, productor de Masaya.<\/p>\n<p>Fuente: El 19.<\/p>\n","protected":false},"excerpt":{"rendered":"<p>La sequ\u00eda provocada por el fen\u00f3meno \u201cEl Ni\u00f1o\u201d moviliz\u00f3 tambi\u00e9n a los productores de frutas del pa\u00eds, cuyos representantes se reunieron el jueves con el gabinete de producci\u00f3n del gobierno a fin de analizar la situaci\u00f3n climatol\u00f3gica. Aparte de los da\u00f1os de \u201cEl Ni\u00f1o\u201d, una de las principales preocupaciones de los productores radica en buscar [&hellip;]<\/p>\n","protected":false},"author":1,"featured_media":32512,"comment_status":"open","ping_status":"open","sticky":false,"template":"","format":"standard","meta":{"om_disable_all_campaigns":false,"_monsterinsights_skip_tracking":false,"_monsterinsights_sitenote_active":false,"_monsterinsights_sitenote_note":"","_monsterinsights_sitenote_category":0,"footnotes":""},"categories":[4,3524],"tags":[],"class_list":["post-32511","post","type-post","status-publish","format-standard","has-post-thumbnail","hentry","category-economia","category-noticas"],"aioseo_notices":[],"_links":{"self":[{"href":"https:\/\/elcronistadigital.com\/index.php?rest_route=\/wp\/v2\/posts\/32511","targetHints":{"allow":["GET"]}}],"collection":[{"href":"https:\/\/elcronistadigital.com\/index.php?rest_route=\/wp\/v2\/posts"}],"about":[{"href":"https:\/\/elcronistadigital.com\/index.php?rest_route=\/wp\/v2\/types\/post"}],"author":[{"embeddable":true,"href":"https:\/\/elcronistadigital.com\/index.php?rest_route=\/wp\/v2\/users\/1"}],"replies":[{"embeddable":true,"href":"https:\/\/elcronistadigital.com\/index.php?rest_route=%2Fwp%2Fv2%2Fcomments&post=32511"}],"version-history":[{"count":1,"href":"https:\/\/elcronistadigital.com\/index.php?rest_route=\/wp\/v2\/posts\/32511\/revisions"}],"predecessor-version":[{"id":32513,"href":"https:\/\/elcronistadigital.com\/index.php?rest_route=\/wp\/v2\/posts\/32511\/revisions\/32513"}],"wp:featuredmedia":[{"embeddable":true,"href":"https:\/\/elcronistadigital.com\/index.php?rest_route=\/wp\/v2\/media\/32512"}],"wp:attachment":[{"href":"https:\/\/elcronistadigital.com\/index.php?rest_route=%2Fwp%2Fv2%2Fmedia&parent=32511"}],"wp:term":[{"taxonomy":"category","embeddable":true,"href":"https:\/\/elcronistadigital.com\/index.php?rest_route=%2Fwp%2Fv2%2Fcategories&post=32511"},{"taxonomy":"post_tag","embeddable":true,"href":"https:\/\/elcronistadigital.com\/index.php?rest_route=%2Fwp%2Fv2%2Ftags&post=32511"}],"curies":[{"name":"wp","href":"https:\/\/api.w.org\/{rel}","templated":true}]}}