{"id":32519,"date":"2014-06-06T16:32:55","date_gmt":"2014-06-06T22:32:55","guid":{"rendered":"http:\/\/elcronistadigital.com\/?p=32519"},"modified":"2014-06-06T16:32:55","modified_gmt":"2014-06-06T22:32:55","slug":"ley-del-talion-contra-ambientalistas-mexicanos","status":"publish","type":"post","link":"https:\/\/elcronistadigital.com\/?p=32519","title":{"rendered":"\u00bf\u201cLey del Tali\u00f3n\u201d contra ambientalistas mexicanos?"},"content":{"rendered":"<p><a href=\"https:\/\/elcronistadigital.com\/?attachment_id=32520\" rel=\"attachment wp-att-32520\"><img loading=\"lazy\" decoding=\"async\" class=\"alignright size-medium wp-image-32520\" alt=\"guasaule\" src=\"https:\/\/elcronistadigital.com\/wp-content\/uploads\/2014\/06\/guasaule-300x172.jpg\" width=\"300\" height=\"172\" srcset=\"https:\/\/elcronistadigital.com\/wp-content\/uploads\/2014\/06\/guasaule-300x172.jpg 300w, https:\/\/elcronistadigital.com\/wp-content\/uploads\/2014\/06\/guasaule-342x197.jpg 342w, https:\/\/elcronistadigital.com\/wp-content\/uploads\/2014\/06\/guasaule.jpg 800w\" sizes=\"auto, (max-width: 300px) 100vw, 300px\" \/><\/a>Un oficial de migraci\u00f3n de Nicaragua al parecer decidi\u00f3 aplicar la \u201cley del Tali\u00f3n\u201d a su manera, y maltrat\u00f3 a tres ambientalistas mexicanos bajo el pretexto de que los nicarag\u00fcenses son tambi\u00e9n objeto de abusos en la naci\u00f3n azteca.<\/p>\n<p>Los mexicanos son parte de un grupo de cinco activistas del medio ambiente de varios pa\u00edses, que denunciaron este viernes en Managua, que fueron v\u00edctimas de trato diferenciado en la frontera entre Nicaragua y Honduras a causa de su nacionalidad.<\/p>\n<p>\u00abSomos cinco, tres mexicanos, un ecuatoriano y una brasile\u00f1a. Despu\u00e9s de hacernos esperar sin darnos ninguna explicaci\u00f3n, los de nacionalidad mexicana fuimos llevados a una oficina, donde hicieron muchos intentos por entorpecer nuestro pase a Nicaragua\u00bb, denunci\u00f3 la ambientalista mexicana Luc\u00eda Ram\u00edrez en conferencia de prensa brindada en Managua.<\/p>\n<p>El hecho ocurri\u00f3 este 5 de junio, tres meses despu\u00e9s de que el grupo ambientalista saliera de M\u00e9xico en la denominada \u00abCaravana Clim\u00e1tica por Am\u00e9rica Latina\u00bb, que planea recorrer por tierra la regi\u00f3n hasta culminar en Per\u00fa, en diciembre pr\u00f3ximo, donde participar\u00e1n en la XX Reuni\u00f3n de las Naciones Unidas por el cambio clim\u00e1tico (COP 20).<\/p>\n<p>A Ram\u00edrez y su compatriota Aldo Santiago les fue entregado el permiso de ingresar a Nicaragua, pero el tercer mexicano, Braulio Guti\u00e9rrez, fue devuelto a territorio hondure\u00f1o.<\/p>\n<p>\u00abPreguntamos al teniente Cortez por qu\u00e9 lo regres\u00f3, respondi\u00f3 que por reciprocidad, porque los nicarag\u00fcenses son tratados mal en M\u00e9xico\u00bb, explic\u00f3 a Efe Ram\u00edrez.<\/p>\n<p>A la brasile\u00f1a Juliana Bitencourd, quien ya hab\u00eda obtenido el permiso de ingreso a Nicaragua, le fue anulado cuando demostr\u00f3 que la \u00fanica diferencia entre su pasaporte y el de Guti\u00e9rrez era la nacionalidad, seg\u00fan la denuncia.<\/p>\n<p>Bitencourd tambi\u00e9n fue devuelta a Honduras por Cortez, quien se neg\u00f3 a dar su identificaci\u00f3n, afirm\u00f3 Ram\u00edrez.<\/p>\n<p>Los integrantes de la \u00abCaravana Clim\u00e1tica por Am\u00e9rica Latina\u00bb informaron que el objetivo de su gira es crear conciencia en los pa\u00edses de la regi\u00f3n sobre la importancia de contrarrestar el cambio clim\u00e1tico.<\/p>\n<p>En cada pa\u00eds brindan charlas, realizan foros, talleres, presentaciones art\u00edsticas y documentales, a trav\u00e9s de organizaciones de apoyo, para lograr su objetivo.<\/p>\n<p>Ram\u00edrez dijo que el grupo ya ha participado en representaci\u00f3n de la sociedad civil en anteriores reuniones COP.<\/p>\n","protected":false},"excerpt":{"rendered":"<p>Un oficial de migraci\u00f3n de Nicaragua al parecer decidi\u00f3 aplicar la \u201cley del Tali\u00f3n\u201d a su manera, y maltrat\u00f3 a tres ambientalistas mexicanos bajo el pretexto de que los nicarag\u00fcenses son tambi\u00e9n objeto de abusos en la naci\u00f3n azteca. Los mexicanos son parte de un grupo de cinco activistas del medio ambiente de varios pa\u00edses, [&hellip;]<\/p>\n","protected":false},"author":1,"featured_media":32520,"comment_status":"open","ping_status":"open","sticky":false,"template":"","format":"standard","meta":{"om_disable_all_campaigns":false,"_monsterinsights_skip_tracking":false,"_monsterinsights_sitenote_active":false,"_monsterinsights_sitenote_note":"","_monsterinsights_sitenote_category":0,"footnotes":""},"categories":[3524],"tags":[],"class_list":["post-32519","post","type-post","status-publish","format-standard","has-post-thumbnail","hentry","category-noticas"],"aioseo_notices":[],"_links":{"self":[{"href":"https:\/\/elcronistadigital.com\/index.php?rest_route=\/wp\/v2\/posts\/32519","targetHints":{"allow":["GET"]}}],"collection":[{"href":"https:\/\/elcronistadigital.com\/index.php?rest_route=\/wp\/v2\/posts"}],"about":[{"href":"https:\/\/elcronistadigital.com\/index.php?rest_route=\/wp\/v2\/types\/post"}],"author":[{"embeddable":true,"href":"https:\/\/elcronistadigital.com\/index.php?rest_route=\/wp\/v2\/users\/1"}],"replies":[{"embeddable":true,"href":"https:\/\/elcronistadigital.com\/index.php?rest_route=%2Fwp%2Fv2%2Fcomments&post=32519"}],"version-history":[{"count":1,"href":"https:\/\/elcronistadigital.com\/index.php?rest_route=\/wp\/v2\/posts\/32519\/revisions"}],"predecessor-version":[{"id":32521,"href":"https:\/\/elcronistadigital.com\/index.php?rest_route=\/wp\/v2\/posts\/32519\/revisions\/32521"}],"wp:featuredmedia":[{"embeddable":true,"href":"https:\/\/elcronistadigital.com\/index.php?rest_route=\/wp\/v2\/media\/32520"}],"wp:attachment":[{"href":"https:\/\/elcronistadigital.com\/index.php?rest_route=%2Fwp%2Fv2%2Fmedia&parent=32519"}],"wp:term":[{"taxonomy":"category","embeddable":true,"href":"https:\/\/elcronistadigital.com\/index.php?rest_route=%2Fwp%2Fv2%2Fcategories&post=32519"},{"taxonomy":"post_tag","embeddable":true,"href":"https:\/\/elcronistadigital.com\/index.php?rest_route=%2Fwp%2Fv2%2Ftags&post=32519"}],"curies":[{"name":"wp","href":"https:\/\/api.w.org\/{rel}","templated":true}]}}