{"id":32525,"date":"2014-06-06T17:03:09","date_gmt":"2014-06-06T23:03:09","guid":{"rendered":"http:\/\/elcronistadigital.com\/?p=32525"},"modified":"2014-06-06T17:03:09","modified_gmt":"2014-06-06T23:03:09","slug":"por-que-no-exportar-marihuana-a-estados-unidos","status":"publish","type":"post","link":"https:\/\/elcronistadigital.com\/?p=32525","title":{"rendered":"\u00bfPor qu\u00e9 no exportar marihuana a Estados Unidos?"},"content":{"rendered":"<p><a href=\"https:\/\/elcronistadigital.com\/?attachment_id=32526\" rel=\"attachment wp-att-32526\"><img loading=\"lazy\" decoding=\"async\" class=\"alignleft size-medium wp-image-32526\" alt=\"marihuana\" src=\"https:\/\/elcronistadigital.com\/wp-content\/uploads\/2014\/06\/marihuana-300x222.jpg\" width=\"300\" height=\"222\" srcset=\"https:\/\/elcronistadigital.com\/wp-content\/uploads\/2014\/06\/marihuana-300x222.jpg 300w, https:\/\/elcronistadigital.com\/wp-content\/uploads\/2014\/06\/marihuana-342x253.jpg 342w, https:\/\/elcronistadigital.com\/wp-content\/uploads\/2014\/06\/marihuana-60x45.jpg 60w, https:\/\/elcronistadigital.com\/wp-content\/uploads\/2014\/06\/marihuana.jpg 448w\" sizes=\"auto, (max-width: 300px) 100vw, 300px\" \/><\/a>Editorial<br \/>\ns21.com.gt<\/p>\n<p>La legalizaci\u00f3n de la marihuana en Uruguay y en los Estados norteamericanos de Colorado y Washington abri\u00f3 el portillo para la propuesta de Guatemala de legalizar su producci\u00f3n y exportaci\u00f3n.<\/p>\n<p>El art\u00edculo en S21.com.gt rese\u00f1a que \u00ab&#8230; Guatemala ha planteado a otros pa\u00edses latinoamericanos en el seno de la OEA legalizar la exportaci\u00f3n de marihuana, como parte de un debate sobre la reorientaci\u00f3n de la pol\u00edtica contra las drogas de cara a una cumbre en septiembre sobre el tema.\u00bb<\/p>\n<p>\u00ab&#8230; La regi\u00f3n ha dejado atr\u00e1s la pol\u00edtica de guerra contra las drogas impulsada por Washington en los 80, que no logr\u00f3 ni reducir el consumo ni la producci\u00f3n, y ahora estudia cambios en el tratamiento internacional de la marihuana, tras su legalizaci\u00f3n en Uruguay y en los estados estadounidenses de Colorado y Washington.\u00bb<\/p>\n<p>El canciller guatemalteco, Fernando Carrera hizo su propuesta durante la asamblea del m\u00e1ximo organismo interamericano realizada en Paraguay, el pa\u00eds que \u00ab&#8230; es el mayor productor de marihuana de Am\u00e9rica del Sur, ya que en los campos paraguayos se cultivan unas 30,000 toneladas cada a\u00f1o, seg\u00fan las autoridades.\u00bb<\/p>\n<p>\u00ab&#8230; El cannabis representa el 80% del mercado del consumo global de drogas ilegales. Si t\u00fa lo sacas de la ecuaci\u00f3n te puedes concentrar la atenci\u00f3n en el control del otro 20%, alguno de ellas sustancias altamente peligrosas y da\u00f1inas a la salud donde probablemente no haya otra opci\u00f3n m\u00e1s que prohibirlas.\u00bb<\/p>\n<p>Carrera se\u00f1al\u00f3 que \u00ab&#8230; est\u00e1n en marcha estudios legales para ver c\u00f3mo eliminar la prohibici\u00f3n actual, mediante la emisi\u00f3n de licencias a compa\u00f1\u00edas para exportar marihuana a mercados donde es legal.\u00bb<\/p>\n","protected":false},"excerpt":{"rendered":"<p>Editorial s21.com.gt La legalizaci\u00f3n de la marihuana en Uruguay y en los Estados norteamericanos de Colorado y Washington abri\u00f3 el portillo para la propuesta de Guatemala de legalizar su producci\u00f3n y exportaci\u00f3n. El art\u00edculo en S21.com.gt rese\u00f1a que \u00ab&#8230; Guatemala ha planteado a otros pa\u00edses latinoamericanos en el seno de la OEA legalizar la exportaci\u00f3n [&hellip;]<\/p>\n","protected":false},"author":1,"featured_media":32526,"comment_status":"open","ping_status":"open","sticky":false,"template":"","format":"standard","meta":{"om_disable_all_campaigns":false,"_monsterinsights_skip_tracking":false,"_monsterinsights_sitenote_active":false,"_monsterinsights_sitenote_note":"","_monsterinsights_sitenote_category":0,"footnotes":""},"categories":[3524],"tags":[],"class_list":["post-32525","post","type-post","status-publish","format-standard","has-post-thumbnail","hentry","category-noticas"],"aioseo_notices":[],"_links":{"self":[{"href":"https:\/\/elcronistadigital.com\/index.php?rest_route=\/wp\/v2\/posts\/32525","targetHints":{"allow":["GET"]}}],"collection":[{"href":"https:\/\/elcronistadigital.com\/index.php?rest_route=\/wp\/v2\/posts"}],"about":[{"href":"https:\/\/elcronistadigital.com\/index.php?rest_route=\/wp\/v2\/types\/post"}],"author":[{"embeddable":true,"href":"https:\/\/elcronistadigital.com\/index.php?rest_route=\/wp\/v2\/users\/1"}],"replies":[{"embeddable":true,"href":"https:\/\/elcronistadigital.com\/index.php?rest_route=%2Fwp%2Fv2%2Fcomments&post=32525"}],"version-history":[{"count":1,"href":"https:\/\/elcronistadigital.com\/index.php?rest_route=\/wp\/v2\/posts\/32525\/revisions"}],"predecessor-version":[{"id":32527,"href":"https:\/\/elcronistadigital.com\/index.php?rest_route=\/wp\/v2\/posts\/32525\/revisions\/32527"}],"wp:featuredmedia":[{"embeddable":true,"href":"https:\/\/elcronistadigital.com\/index.php?rest_route=\/wp\/v2\/media\/32526"}],"wp:attachment":[{"href":"https:\/\/elcronistadigital.com\/index.php?rest_route=%2Fwp%2Fv2%2Fmedia&parent=32525"}],"wp:term":[{"taxonomy":"category","embeddable":true,"href":"https:\/\/elcronistadigital.com\/index.php?rest_route=%2Fwp%2Fv2%2Fcategories&post=32525"},{"taxonomy":"post_tag","embeddable":true,"href":"https:\/\/elcronistadigital.com\/index.php?rest_route=%2Fwp%2Fv2%2Ftags&post=32525"}],"curies":[{"name":"wp","href":"https:\/\/api.w.org\/{rel}","templated":true}]}}