{"id":32531,"date":"2014-06-07T08:40:35","date_gmt":"2014-06-07T14:40:35","guid":{"rendered":"http:\/\/elcronistadigital.com\/?p=32531"},"modified":"2014-06-07T08:40:35","modified_gmt":"2014-06-07T14:40:35","slug":"minsa-listo-para-enfrentar-al-chikungunya","status":"publish","type":"post","link":"https:\/\/elcronistadigital.com\/?p=32531","title":{"rendered":"Minsa listo para enfrentar al \u201cchikungunya\u201d"},"content":{"rendered":"<p><a href=\"https:\/\/elcronistadigital.com\/?attachment_id=32532\" rel=\"attachment wp-att-32532\"><img loading=\"lazy\" decoding=\"async\" class=\"alignleft size-medium wp-image-32532\" alt=\"fumiga 1\" src=\"https:\/\/elcronistadigital.com\/wp-content\/uploads\/2014\/06\/fumiga-1-300x225.jpg\" width=\"300\" height=\"225\" srcset=\"https:\/\/elcronistadigital.com\/wp-content\/uploads\/2014\/06\/fumiga-1-300x225.jpg 300w, https:\/\/elcronistadigital.com\/wp-content\/uploads\/2014\/06\/fumiga-1-342x256.jpg 342w, https:\/\/elcronistadigital.com\/wp-content\/uploads\/2014\/06\/fumiga-1-60x45.jpg 60w, https:\/\/elcronistadigital.com\/wp-content\/uploads\/2014\/06\/fumiga-1-150x113.jpg 150w, https:\/\/elcronistadigital.com\/wp-content\/uploads\/2014\/06\/fumiga-1-269x201.jpg 269w, https:\/\/elcronistadigital.com\/wp-content\/uploads\/2014\/06\/fumiga-1.jpg 500w\" sizes=\"auto, (max-width: 300px) 100vw, 300px\" \/><\/a>Nuestro pa\u00eds se encuentra preparado para enfrentar un eventual ingreso de personas afectadas por el virus \u201cchikungunya\u201d, seg\u00fan inform\u00f3 el viernes el Dr. Carlos S\u00e1enz, funcionario del Ministerio de Salud (Minsa).<\/p>\n<p>S\u00e1enz dijo que han desarrollado jornadas de capacitaci\u00f3n del personal m\u00e9dico, abatizaci\u00f3n y fumigaci\u00f3n para evitar esa enfermedad, que presenta s\u00edntomas semejantes a los del dengue y es transmitida por mosquitos.<\/p>\n<p>Asimismo, las autoridades intensificaron la vigilancia epidemiol\u00f3gica en el Aeropuerto Internacional Augusto C. Sandino y en los puestos fronterizos, seg\u00fan inform\u00f3 Prensa Latina.<\/p>\n<p>Si continuamos fortaleciendo este esfuerzo de la lucha contra el Aedes aegypti para poder evitar una epidemia de dengue, tambi\u00e9n estamos evitando la de la fiebre Chikungunya, subray\u00f3 en conferencia de prensa el director de Vigilancia para la Salud del Minsa.<\/p>\n<p>Las autoridades llamaron a la poblaci\u00f3n colaborar con los brigadistas de salud en la eliminaci\u00f3n de todos los potenciales criaderos del mosquito transmisor y que, de presentar s\u00edntomas, acuda de inmediato al m\u00e9dico.<\/p>\n<p>Muchos pa\u00edses de Am\u00e9rica Central y varias islas del Caribe reportan casos de la dolencia, caracterizada por fiebre, dolores articulares y de cabeza, n\u00e1useas, cansancio y erupciones cut\u00e1neas.<\/p>\n","protected":false},"excerpt":{"rendered":"<p>Nuestro pa\u00eds se encuentra preparado para enfrentar un eventual ingreso de personas afectadas por el virus \u201cchikungunya\u201d, seg\u00fan inform\u00f3 el viernes el Dr. Carlos S\u00e1enz, funcionario del Ministerio de Salud (Minsa). S\u00e1enz dijo que han desarrollado jornadas de capacitaci\u00f3n del personal m\u00e9dico, abatizaci\u00f3n y fumigaci\u00f3n para evitar esa enfermedad, que presenta s\u00edntomas semejantes a los [&hellip;]<\/p>\n","protected":false},"author":1,"featured_media":32532,"comment_status":"open","ping_status":"open","sticky":false,"template":"","format":"standard","meta":{"om_disable_all_campaigns":false,"_monsterinsights_skip_tracking":false,"_monsterinsights_sitenote_active":false,"_monsterinsights_sitenote_note":"","_monsterinsights_sitenote_category":0,"footnotes":""},"categories":[3,7],"tags":[],"class_list":["post-32531","post","type-post","status-publish","format-standard","has-post-thumbnail","hentry","category-nacionales","category-salud-y-belleza"],"aioseo_notices":[],"_links":{"self":[{"href":"https:\/\/elcronistadigital.com\/index.php?rest_route=\/wp\/v2\/posts\/32531","targetHints":{"allow":["GET"]}}],"collection":[{"href":"https:\/\/elcronistadigital.com\/index.php?rest_route=\/wp\/v2\/posts"}],"about":[{"href":"https:\/\/elcronistadigital.com\/index.php?rest_route=\/wp\/v2\/types\/post"}],"author":[{"embeddable":true,"href":"https:\/\/elcronistadigital.com\/index.php?rest_route=\/wp\/v2\/users\/1"}],"replies":[{"embeddable":true,"href":"https:\/\/elcronistadigital.com\/index.php?rest_route=%2Fwp%2Fv2%2Fcomments&post=32531"}],"version-history":[{"count":1,"href":"https:\/\/elcronistadigital.com\/index.php?rest_route=\/wp\/v2\/posts\/32531\/revisions"}],"predecessor-version":[{"id":32533,"href":"https:\/\/elcronistadigital.com\/index.php?rest_route=\/wp\/v2\/posts\/32531\/revisions\/32533"}],"wp:featuredmedia":[{"embeddable":true,"href":"https:\/\/elcronistadigital.com\/index.php?rest_route=\/wp\/v2\/media\/32532"}],"wp:attachment":[{"href":"https:\/\/elcronistadigital.com\/index.php?rest_route=%2Fwp%2Fv2%2Fmedia&parent=32531"}],"wp:term":[{"taxonomy":"category","embeddable":true,"href":"https:\/\/elcronistadigital.com\/index.php?rest_route=%2Fwp%2Fv2%2Fcategories&post=32531"},{"taxonomy":"post_tag","embeddable":true,"href":"https:\/\/elcronistadigital.com\/index.php?rest_route=%2Fwp%2Fv2%2Ftags&post=32531"}],"curies":[{"name":"wp","href":"https:\/\/api.w.org\/{rel}","templated":true}]}}