{"id":32534,"date":"2014-06-07T09:24:47","date_gmt":"2014-06-07T15:24:47","guid":{"rendered":"http:\/\/elcronistadigital.com\/?p=32534"},"modified":"2014-06-07T09:24:47","modified_gmt":"2014-06-07T15:24:47","slug":"preparan-a-comunidades-del-golfo-ante-cambio-climatico","status":"publish","type":"post","link":"https:\/\/elcronistadigital.com\/?p=32534","title":{"rendered":"Preparan a comunidades del golfo ante cambio clim\u00e1tico"},"content":{"rendered":"<p><a href=\"https:\/\/elcronistadigital.com\/?attachment_id=32535\" rel=\"attachment wp-att-32535\"><img loading=\"lazy\" decoding=\"async\" class=\"alignleft size-medium wp-image-32535\" alt=\"Golfo de Fonseca 4\" src=\"https:\/\/elcronistadigital.com\/wp-content\/uploads\/2014\/06\/Golfo-de-Fonseca-4-300x199.jpg\" width=\"300\" height=\"199\" srcset=\"https:\/\/elcronistadigital.com\/wp-content\/uploads\/2014\/06\/Golfo-de-Fonseca-4-300x199.jpg 300w, https:\/\/elcronistadigital.com\/wp-content\/uploads\/2014\/06\/Golfo-de-Fonseca-4.jpg 320w\" sizes=\"auto, (max-width: 300px) 100vw, 300px\" \/><\/a>Saneamiento de aguas de los r\u00edos, uso del agua de lluvia y preservaci\u00f3n de ecosistemas mediante reforestaci\u00f3n y agroecolog\u00eda, son parte de las acciones que organismos ambientalistas y la Universidad Centroamericana (UCA), realizar\u00e1n en cinco comunidades colindantes con el Golfo de Fonseca.<\/p>\n<p>El proyecto, que cuenta con apoyo de la Uni\u00f3n Europea, busca crear un conjunto de medidas de adaptaci\u00f3n al cambio clim\u00e1tico en el Golfo de Fonseca, que comparten Nicaragua, Honduras y El Salvador en el Pac\u00edfico, informaron el viernes los impulsores del proyecto.<\/p>\n<p>Denominado \u00abFortalecimiento de las capacidades locales para adaptaci\u00f3n al cambio clim\u00e1tico en el Golfo de Fonseca\u00bb y coordinado por el Instituto de Capacitaci\u00f3n Investigaci\u00f3n y Desarrollo Ambiental (Cidea) de la Universidad Centroamericana (UCA), el proyecto prev\u00e9 la gesti\u00f3n sostenible de los recursos ambientales en esa zona, dijo a Efe el oficial del programa para Nicaragua, Mario Naira.<\/p>\n<p>Para lograr su objetivo, los impulsores implementar\u00e1n modelos cient\u00edficos internacionales, combinados con procesos y tecnolog\u00edas locales de cinco municipios de Nicaragua, dijo Naira, sin precisar.<\/p>\n<p>El oficial explic\u00f3 que han establecido acuerdos formales e informales con cinco gobiernos locales nicarag\u00fcenses con el fin de identificar los problemas ambientales que aquejan a cada comunidad.<\/p>\n<p>Posteriormente, buscan crear las medidas de adaptaci\u00f3n al cambio clim\u00e1tico y a la reducci\u00f3n de riesgos de desastres, agreg\u00f3.<\/p>\n<p>Seg\u00fan Naira, se eligieron cinco municipios ubicados al occidente de Nicaragua por su vulnerabilidad clim\u00e1tica, pobreza, cantidad de recursos naturales que se encuentran amenazados por la explotaci\u00f3n y los efectos del cambio clim\u00e1tico.<\/p>\n<p>El proyecto, que tiene una duraci\u00f3n de cinco a\u00f1os, hasta 2016, adem\u00e1s de beneficiar a los habitantes del Golfo de Fonseca, est\u00e1 comprometido con sensibilizar a la poblaci\u00f3n sobre el impacto del cambio clim\u00e1tico en los recursos naturales y en la seguridad alimentaria, asegur\u00f3.<\/p>\n<p>\u00abEstamos trabajando en identificar cosas que les han permitido ser innovadores en sus comunidades y que han sido reaplicables para otras tambi\u00e9n\u00bb, indic\u00f3.<\/p>\n<p>El proyecto est\u00e1 coordinado por el Cidea de la (UCA), en colaboraci\u00f3n con la Asociaci\u00f3n de Desarrollo Pespirense (Adepes), el Instituto de Investigaci\u00f3n y Desarrollo (Nitlapan) y organizaciones no gubernamentales ambientalistas.<\/p>\n<p>En 2011, la Uni\u00f3n Europea otorg\u00f3 1,68 millones de euros (unos 2,29 millones de d\u00f3lares) para auspiciar ese proyecto sobre el cambio clim\u00e1tico en el Golfo de Fonseca.<\/p>\n","protected":false},"excerpt":{"rendered":"<p>Saneamiento de aguas de los r\u00edos, uso del agua de lluvia y preservaci\u00f3n de ecosistemas mediante reforestaci\u00f3n y agroecolog\u00eda, son parte de las acciones que organismos ambientalistas y la Universidad Centroamericana (UCA), realizar\u00e1n en cinco comunidades colindantes con el Golfo de Fonseca. El proyecto, que cuenta con apoyo de la Uni\u00f3n Europea, busca crear un [&hellip;]<\/p>\n","protected":false},"author":1,"featured_media":32535,"comment_status":"open","ping_status":"open","sticky":false,"template":"","format":"standard","meta":{"om_disable_all_campaigns":false,"_monsterinsights_skip_tracking":false,"_monsterinsights_sitenote_active":false,"_monsterinsights_sitenote_note":"","_monsterinsights_sitenote_category":0,"footnotes":""},"categories":[3524],"tags":[],"class_list":["post-32534","post","type-post","status-publish","format-standard","has-post-thumbnail","hentry","category-noticas"],"aioseo_notices":[],"_links":{"self":[{"href":"https:\/\/elcronistadigital.com\/index.php?rest_route=\/wp\/v2\/posts\/32534","targetHints":{"allow":["GET"]}}],"collection":[{"href":"https:\/\/elcronistadigital.com\/index.php?rest_route=\/wp\/v2\/posts"}],"about":[{"href":"https:\/\/elcronistadigital.com\/index.php?rest_route=\/wp\/v2\/types\/post"}],"author":[{"embeddable":true,"href":"https:\/\/elcronistadigital.com\/index.php?rest_route=\/wp\/v2\/users\/1"}],"replies":[{"embeddable":true,"href":"https:\/\/elcronistadigital.com\/index.php?rest_route=%2Fwp%2Fv2%2Fcomments&post=32534"}],"version-history":[{"count":1,"href":"https:\/\/elcronistadigital.com\/index.php?rest_route=\/wp\/v2\/posts\/32534\/revisions"}],"predecessor-version":[{"id":32536,"href":"https:\/\/elcronistadigital.com\/index.php?rest_route=\/wp\/v2\/posts\/32534\/revisions\/32536"}],"wp:featuredmedia":[{"embeddable":true,"href":"https:\/\/elcronistadigital.com\/index.php?rest_route=\/wp\/v2\/media\/32535"}],"wp:attachment":[{"href":"https:\/\/elcronistadigital.com\/index.php?rest_route=%2Fwp%2Fv2%2Fmedia&parent=32534"}],"wp:term":[{"taxonomy":"category","embeddable":true,"href":"https:\/\/elcronistadigital.com\/index.php?rest_route=%2Fwp%2Fv2%2Fcategories&post=32534"},{"taxonomy":"post_tag","embeddable":true,"href":"https:\/\/elcronistadigital.com\/index.php?rest_route=%2Fwp%2Fv2%2Ftags&post=32534"}],"curies":[{"name":"wp","href":"https:\/\/api.w.org\/{rel}","templated":true}]}}