{"id":32556,"date":"2014-06-09T06:31:58","date_gmt":"2014-06-09T12:31:58","guid":{"rendered":"http:\/\/elcronistadigital.com\/?p=32556"},"modified":"2014-06-09T06:31:58","modified_gmt":"2014-06-09T12:31:58","slug":"vendedores-nicas-invaden-san-pedro-sula","status":"publish","type":"post","link":"https:\/\/elcronistadigital.com\/?p=32556","title":{"rendered":"Vendedores nicas invaden San Pedro Sula"},"content":{"rendered":"<p><a href=\"https:\/\/elcronistadigital.com\/?attachment_id=32557\" rel=\"attachment wp-att-32557\"><img loading=\"lazy\" decoding=\"async\" class=\"alignleft size-medium wp-image-32557\" alt=\"Vendedores nicas\" src=\"https:\/\/elcronistadigital.com\/wp-content\/uploads\/2014\/06\/Vendedores-nicas-300x188.jpg\" width=\"300\" height=\"188\" srcset=\"https:\/\/elcronistadigital.com\/wp-content\/uploads\/2014\/06\/Vendedores-nicas-300x188.jpg 300w, https:\/\/elcronistadigital.com\/wp-content\/uploads\/2014\/06\/Vendedores-nicas-342x214.jpg 342w, https:\/\/elcronistadigital.com\/wp-content\/uploads\/2014\/06\/Vendedores-nicas.jpg 478w\" sizes=\"auto, (max-width: 300px) 100vw, 300px\" \/><\/a>Vendedores de Nicaragua y El Salvador abarrotan las calles de San Pedro Sula, donde se realizan las festividades de los 478 a\u00f1os de fundaci\u00f3n de dicha ciudad, considerada la m\u00e1s peligrosa del mundo.<\/p>\n<p>Seg\u00fan diarios hondure\u00f1os, la situaci\u00f3n se da debido a que el terreno de 10.5 manzanas que le fue donado en el 2010 a la municipalidad de San Pedro Sula, contin\u00faa en medio de una guerra legal que impide la construcci\u00f3n del megamercado prometido.<\/p>\n<p>Aunque el alcalde Armando Calidonio ha asegurado que no permitir\u00e1 que le arrebaten la esperanza a los buhoneros de dejar las calles y tener un lugar id\u00f3neo donde ofrecer sus productos, esta pelea legal podr\u00eda llevar mucho tiempo y el espacio de las calles cada vez es menos.<\/p>\n<p>Claudia Pineda, presidenta del Sindicato Nacional de Comerciantes del Sector Informal de Honduras (Sincosih), manifest\u00f3 que conf\u00eda en que esta semana la Alcald\u00eda pondr\u00e1 orden en las v\u00edas p\u00fablicas, especialmente en la Tercera Avenida. \u201cLa municipalidad se comprometi\u00f3 a tener vigilancia permanente en las \u00e1reas que est\u00e9n marcadas, para que los vendedores nuevos no vengan a instalarse a esas zonas\u201d, se\u00f1al\u00f3.<\/p>\n<p>Pineda detall\u00f3 que muchos de los vendedores que se instalan en el centro de la ciudad provienen de Nicaragua, El Salvador y Tegucigalpa, aprovechando festividades como la Feria Juniana para vender sus productos.<\/p>\n<p>Desde hace m\u00e1s de una semana los negocios de ropa, comida y accesorios de celulares han ocupado los espacios de las calles que hab\u00edan sido desalojados por la Alcald\u00eda justo despu\u00e9s de la temporada navide\u00f1a.<\/p>\n<p>Yolanda P\u00e9rez, presidenta de la Asociaci\u00f3n Sampedrana de Vendedores de Mercader\u00eda y Alimentos (Asavemali), reconoce que muchos vendedores buscan la forma de escapar de la mirada de las autoridades e instalan sus ventas en la Tercera Avenida motivados por la bonanza de los sampedranos en estas fechas.<\/p>\n<p>\u201cNosotros nos arriesgamos a que la Polic\u00eda nos corretee y nos decomise el producto; jugamos al gato y al rat\u00f3n, porque queremos agenciarnos un poco de dinerito porque estamos en Feria Juniana\u201d, argument\u00f3.<\/p>\n","protected":false},"excerpt":{"rendered":"<p>Vendedores de Nicaragua y El Salvador abarrotan las calles de San Pedro Sula, donde se realizan las festividades de los 478 a\u00f1os de fundaci\u00f3n de dicha ciudad, considerada la m\u00e1s peligrosa del mundo. Seg\u00fan diarios hondure\u00f1os, la situaci\u00f3n se da debido a que el terreno de 10.5 manzanas que le fue donado en el 2010 [&hellip;]<\/p>\n","protected":false},"author":1,"featured_media":32557,"comment_status":"open","ping_status":"open","sticky":false,"template":"","format":"standard","meta":{"om_disable_all_campaigns":false,"_monsterinsights_skip_tracking":false,"_monsterinsights_sitenote_active":false,"_monsterinsights_sitenote_note":"","_monsterinsights_sitenote_category":0,"footnotes":""},"categories":[3524],"tags":[],"class_list":["post-32556","post","type-post","status-publish","format-standard","has-post-thumbnail","hentry","category-noticas"],"aioseo_notices":[],"_links":{"self":[{"href":"https:\/\/elcronistadigital.com\/index.php?rest_route=\/wp\/v2\/posts\/32556","targetHints":{"allow":["GET"]}}],"collection":[{"href":"https:\/\/elcronistadigital.com\/index.php?rest_route=\/wp\/v2\/posts"}],"about":[{"href":"https:\/\/elcronistadigital.com\/index.php?rest_route=\/wp\/v2\/types\/post"}],"author":[{"embeddable":true,"href":"https:\/\/elcronistadigital.com\/index.php?rest_route=\/wp\/v2\/users\/1"}],"replies":[{"embeddable":true,"href":"https:\/\/elcronistadigital.com\/index.php?rest_route=%2Fwp%2Fv2%2Fcomments&post=32556"}],"version-history":[{"count":1,"href":"https:\/\/elcronistadigital.com\/index.php?rest_route=\/wp\/v2\/posts\/32556\/revisions"}],"predecessor-version":[{"id":32558,"href":"https:\/\/elcronistadigital.com\/index.php?rest_route=\/wp\/v2\/posts\/32556\/revisions\/32558"}],"wp:featuredmedia":[{"embeddable":true,"href":"https:\/\/elcronistadigital.com\/index.php?rest_route=\/wp\/v2\/media\/32557"}],"wp:attachment":[{"href":"https:\/\/elcronistadigital.com\/index.php?rest_route=%2Fwp%2Fv2%2Fmedia&parent=32556"}],"wp:term":[{"taxonomy":"category","embeddable":true,"href":"https:\/\/elcronistadigital.com\/index.php?rest_route=%2Fwp%2Fv2%2Fcategories&post=32556"},{"taxonomy":"post_tag","embeddable":true,"href":"https:\/\/elcronistadigital.com\/index.php?rest_route=%2Fwp%2Fv2%2Ftags&post=32556"}],"curies":[{"name":"wp","href":"https:\/\/api.w.org\/{rel}","templated":true}]}}