{"id":32559,"date":"2014-06-09T06:48:07","date_gmt":"2014-06-09T12:48:07","guid":{"rendered":"http:\/\/elcronistadigital.com\/?p=32559"},"modified":"2014-06-09T06:48:07","modified_gmt":"2014-06-09T12:48:07","slug":"nicka-trashumante-por-pobreza","status":"publish","type":"post","link":"https:\/\/elcronistadigital.com\/?p=32559","title":{"rendered":"\u201cNicka\u201d, trashumante por pobreza"},"content":{"rendered":"<div id=\"attachment_32560\" style=\"width: 310px\" class=\"wp-caption alignleft\"><a href=\"https:\/\/elcronistadigital.com\/?attachment_id=32560\" rel=\"attachment wp-att-32560\"><img loading=\"lazy\" decoding=\"async\" aria-describedby=\"caption-attachment-32560\" class=\"size-medium wp-image-32560\" alt=\"El de la flauta es Javier Hern\u00e1ndez \u201cNicka\u201d.\" src=\"https:\/\/elcronistadigital.com\/wp-content\/uploads\/2014\/06\/Javier-Hern\u00e1ndez-\u201cNicka\u201d-300x168.jpg\" width=\"300\" height=\"168\" srcset=\"https:\/\/elcronistadigital.com\/wp-content\/uploads\/2014\/06\/Javier-Hern\u00e1ndez-\u201cNicka\u201d-300x168.jpg 300w, https:\/\/elcronistadigital.com\/wp-content\/uploads\/2014\/06\/Javier-Hern\u00e1ndez-\u201cNicka\u201d-342x192.jpg 342w, https:\/\/elcronistadigital.com\/wp-content\/uploads\/2014\/06\/Javier-Hern\u00e1ndez-\u201cNicka\u201d.jpg 645w\" sizes=\"auto, (max-width: 300px) 100vw, 300px\" \/><\/a><p id=\"caption-attachment-32560\" class=\"wp-caption-text\">El de la flauta es Javier Hern\u00e1ndez \u201cNicka\u201d.<\/p><\/div>\n<p>Nicarag\u00fcense, artesano y m\u00fasico de la Zona Luz, \u201cNicka\u201d, como sus ahora amigos tabasque\u00f1os de M\u00e9xico le llaman, hace artesan\u00edas recicladas y deleita a los peatones con su m\u00fasica de flauta dulce y la quena, todo para ahorrar unos pesos y continuar su traves\u00eda para llegar al Distrito Federal.<\/p>\n<p>\u201cNicka\u201d hace flores de latas de refresco y toca melod\u00edas t\u00edpicas en su flauta, recorriendo las calles y restaurantes.<\/p>\n<p>En busca de fama y reconocimiento en los Estados Unidos, Javier Hern\u00e1ndez, \u201cNicka\u201d, decidi\u00f3 dejar atr\u00e1s su natal Nicaragua en busca de una mejor situaci\u00f3n econ\u00f3mica que su pa\u00eds no le permite.<\/p>\n<p>Realiz\u00f3 un largo viaje en autob\u00fas pasando por Chinandega (Nicaragua), Chalatenango (El Salvador), Guatemala y Tenosique, Tabasco.<\/p>\n<p>Fue en Tenosique donde fue asaltado. Herido y sin un centavo en el bolsillo, \u201cNicka\u201d lleg\u00f3 hasta Villahermosa, ah\u00ed busc\u00f3 refugio y comida en la iglesia \u201cLa Conchita\u201d.<\/p>\n<p>Un sacerdote le obsequi\u00f3 una tijera con la que hace artesan\u00edas. Ahora dice que ir\u00e1 al Distrito Federal a tocar puertas en alguna televisora, porque quiere ser famoso.<\/p>\n","protected":false},"excerpt":{"rendered":"<p>Nicarag\u00fcense, artesano y m\u00fasico de la Zona Luz, \u201cNicka\u201d, como sus ahora amigos tabasque\u00f1os de M\u00e9xico le llaman, hace artesan\u00edas recicladas y deleita a los peatones con su m\u00fasica de flauta dulce y la quena, todo para ahorrar unos pesos y continuar su traves\u00eda para llegar al Distrito Federal. \u201cNicka\u201d hace flores de latas de [&hellip;]<\/p>\n","protected":false},"author":1,"featured_media":32560,"comment_status":"open","ping_status":"open","sticky":false,"template":"","format":"standard","meta":{"om_disable_all_campaigns":false,"_monsterinsights_skip_tracking":false,"_monsterinsights_sitenote_active":false,"_monsterinsights_sitenote_note":"","_monsterinsights_sitenote_category":0,"footnotes":""},"categories":[3524],"tags":[],"class_list":["post-32559","post","type-post","status-publish","format-standard","has-post-thumbnail","hentry","category-noticas"],"aioseo_notices":[],"_links":{"self":[{"href":"https:\/\/elcronistadigital.com\/index.php?rest_route=\/wp\/v2\/posts\/32559","targetHints":{"allow":["GET"]}}],"collection":[{"href":"https:\/\/elcronistadigital.com\/index.php?rest_route=\/wp\/v2\/posts"}],"about":[{"href":"https:\/\/elcronistadigital.com\/index.php?rest_route=\/wp\/v2\/types\/post"}],"author":[{"embeddable":true,"href":"https:\/\/elcronistadigital.com\/index.php?rest_route=\/wp\/v2\/users\/1"}],"replies":[{"embeddable":true,"href":"https:\/\/elcronistadigital.com\/index.php?rest_route=%2Fwp%2Fv2%2Fcomments&post=32559"}],"version-history":[{"count":1,"href":"https:\/\/elcronistadigital.com\/index.php?rest_route=\/wp\/v2\/posts\/32559\/revisions"}],"predecessor-version":[{"id":32561,"href":"https:\/\/elcronistadigital.com\/index.php?rest_route=\/wp\/v2\/posts\/32559\/revisions\/32561"}],"wp:featuredmedia":[{"embeddable":true,"href":"https:\/\/elcronistadigital.com\/index.php?rest_route=\/wp\/v2\/media\/32560"}],"wp:attachment":[{"href":"https:\/\/elcronistadigital.com\/index.php?rest_route=%2Fwp%2Fv2%2Fmedia&parent=32559"}],"wp:term":[{"taxonomy":"category","embeddable":true,"href":"https:\/\/elcronistadigital.com\/index.php?rest_route=%2Fwp%2Fv2%2Fcategories&post=32559"},{"taxonomy":"post_tag","embeddable":true,"href":"https:\/\/elcronistadigital.com\/index.php?rest_route=%2Fwp%2Fv2%2Ftags&post=32559"}],"curies":[{"name":"wp","href":"https:\/\/api.w.org\/{rel}","templated":true}]}}