{"id":32562,"date":"2014-06-09T06:59:42","date_gmt":"2014-06-09T12:59:42","guid":{"rendered":"http:\/\/elcronistadigital.com\/?p=32562"},"modified":"2014-06-09T06:59:42","modified_gmt":"2014-06-09T12:59:42","slug":"sequia-se-extendera-hasta-septiembre","status":"publish","type":"post","link":"https:\/\/elcronistadigital.com\/?p=32562","title":{"rendered":"Sequ\u00eda se extender\u00e1 hasta septiembre"},"content":{"rendered":"<p><a href=\"https:\/\/elcronistadigital.com\/?attachment_id=32563\" rel=\"attachment wp-att-32563\"><img loading=\"lazy\" decoding=\"async\" class=\"alignleft size-medium wp-image-32563\" alt=\"Sequ\u00eda 2\" src=\"https:\/\/elcronistadigital.com\/wp-content\/uploads\/2014\/06\/Sequ\u00eda-2-300x214.jpg\" width=\"300\" height=\"214\" srcset=\"https:\/\/elcronistadigital.com\/wp-content\/uploads\/2014\/06\/Sequ\u00eda-2-300x214.jpg 300w, https:\/\/elcronistadigital.com\/wp-content\/uploads\/2014\/06\/Sequ\u00eda-2-342x244.jpg 342w, https:\/\/elcronistadigital.com\/wp-content\/uploads\/2014\/06\/Sequ\u00eda-2-90x65.jpg 90w, https:\/\/elcronistadigital.com\/wp-content\/uploads\/2014\/06\/Sequ\u00eda-2.jpg 380w\" sizes=\"auto, (max-width: 300px) 100vw, 300px\" \/><\/a>Una severa sequ\u00eda que se extender\u00e1 hasta septiembre, fue pronosticada el s\u00e1bado por las autoridades del Instituto Nicarag\u00fcense de Estudios Territoriales (Ineter).<\/p>\n<p>Los del Ineter se\u00f1alan que el actual r\u00e9gimen deficitario de precipitaciones prevalecer\u00e1 hasta el noveno mes del a\u00f1o pr\u00f3ximo, tras la estabilizaci\u00f3n del fen\u00f3meno de \u00abEl Ni\u00f1o\u00bb en los meses venideros.<\/p>\n<p>En un informe emitido el s\u00e1bado y citado por la agencia Xinhua, el Ineter se\u00f1ala que se han vuelto a restablecer de forma an\u00f3mala centros de altas presiones en el Oc\u00e9ano Atl\u00e1ntico que empujan las bajas presiones que prevalecieron en d\u00edas pasados en el territorio nicarag\u00fcense, hacia las costas del oc\u00e9ano Pac\u00edfico, ocasionando que las lluvias caigan en el mar.<\/p>\n<p>Agrega que la zona de convergencia intertropical se ha retirado del territorio nicarag\u00fcense \u00aby ahora se alinea con el monz\u00f3n en el Pac\u00edfico, produciendo frentes de bajas presiones que evolucionan hacia el noreste, depositando grandes cantidades de lluvia en la zona seca de Guatemala y el golfo de M\u00e9xico\u00bb.<\/p>\n<p>Todo el sector suroccidental de Estados Unidos y el norte de M\u00e9xico se ven afectados por la sequ\u00eda, y a medida que avance la estabilizaci\u00f3n del fen\u00f3meno de \u00abEl Ni\u00f1o\u00bb, Nicaragua pudiera tener un serio d\u00e9ficit de precipitaciones hasta septiembre, reza el informe.<\/p>\n","protected":false},"excerpt":{"rendered":"<p>Una severa sequ\u00eda que se extender\u00e1 hasta septiembre, fue pronosticada el s\u00e1bado por las autoridades del Instituto Nicarag\u00fcense de Estudios Territoriales (Ineter). Los del Ineter se\u00f1alan que el actual r\u00e9gimen deficitario de precipitaciones prevalecer\u00e1 hasta el noveno mes del a\u00f1o pr\u00f3ximo, tras la estabilizaci\u00f3n del fen\u00f3meno de \u00abEl Ni\u00f1o\u00bb en los meses venideros. En un [&hellip;]<\/p>\n","protected":false},"author":1,"featured_media":32563,"comment_status":"open","ping_status":"open","sticky":false,"template":"","format":"standard","meta":{"om_disable_all_campaigns":false,"_monsterinsights_skip_tracking":false,"_monsterinsights_sitenote_active":false,"_monsterinsights_sitenote_note":"","_monsterinsights_sitenote_category":0,"footnotes":""},"categories":[3,8],"tags":[1754],"class_list":["post-32562","post","type-post","status-publish","format-standard","has-post-thumbnail","hentry","category-nacionales","category-medio-ambiente","tag-sequia-en-nicaragua"],"aioseo_notices":[],"_links":{"self":[{"href":"https:\/\/elcronistadigital.com\/index.php?rest_route=\/wp\/v2\/posts\/32562","targetHints":{"allow":["GET"]}}],"collection":[{"href":"https:\/\/elcronistadigital.com\/index.php?rest_route=\/wp\/v2\/posts"}],"about":[{"href":"https:\/\/elcronistadigital.com\/index.php?rest_route=\/wp\/v2\/types\/post"}],"author":[{"embeddable":true,"href":"https:\/\/elcronistadigital.com\/index.php?rest_route=\/wp\/v2\/users\/1"}],"replies":[{"embeddable":true,"href":"https:\/\/elcronistadigital.com\/index.php?rest_route=%2Fwp%2Fv2%2Fcomments&post=32562"}],"version-history":[{"count":2,"href":"https:\/\/elcronistadigital.com\/index.php?rest_route=\/wp\/v2\/posts\/32562\/revisions"}],"predecessor-version":[{"id":32565,"href":"https:\/\/elcronistadigital.com\/index.php?rest_route=\/wp\/v2\/posts\/32562\/revisions\/32565"}],"wp:featuredmedia":[{"embeddable":true,"href":"https:\/\/elcronistadigital.com\/index.php?rest_route=\/wp\/v2\/media\/32563"}],"wp:attachment":[{"href":"https:\/\/elcronistadigital.com\/index.php?rest_route=%2Fwp%2Fv2%2Fmedia&parent=32562"}],"wp:term":[{"taxonomy":"category","embeddable":true,"href":"https:\/\/elcronistadigital.com\/index.php?rest_route=%2Fwp%2Fv2%2Fcategories&post=32562"},{"taxonomy":"post_tag","embeddable":true,"href":"https:\/\/elcronistadigital.com\/index.php?rest_route=%2Fwp%2Fv2%2Ftags&post=32562"}],"curies":[{"name":"wp","href":"https:\/\/api.w.org\/{rel}","templated":true}]}}