{"id":32566,"date":"2014-06-09T07:59:52","date_gmt":"2014-06-09T13:59:52","guid":{"rendered":"http:\/\/elcronistadigital.com\/?p=32566"},"modified":"2014-06-09T07:59:52","modified_gmt":"2014-06-09T13:59:52","slug":"moderno-detector-de-tormentas-en-aeropuerto-sandino","status":"publish","type":"post","link":"https:\/\/elcronistadigital.com\/?p=32566","title":{"rendered":"Moderno detector de tormentas en Aeropuerto Sandino"},"content":{"rendered":"<p><a href=\"https:\/\/elcronistadigital.com\/?attachment_id=32567\" rel=\"attachment wp-att-32567\"><img loading=\"lazy\" decoding=\"async\" class=\"alignleft size-full wp-image-32567\" alt=\"aeropuert\" src=\"https:\/\/elcronistadigital.com\/wp-content\/uploads\/2014\/06\/aeropuert.jpg\" width=\"259\" height=\"194\" srcset=\"https:\/\/elcronistadigital.com\/wp-content\/uploads\/2014\/06\/aeropuert.jpg 259w, https:\/\/elcronistadigital.com\/wp-content\/uploads\/2014\/06\/aeropuert-60x45.jpg 60w, https:\/\/elcronistadigital.com\/wp-content\/uploads\/2014\/06\/aeropuert-150x113.jpg 150w\" sizes=\"auto, (max-width: 259px) 100vw, 259px\" \/><\/a>Un sistema de detecci\u00f3n de tormentas conocido como ALIS \u2013\u00fanico en Centroam\u00e9rica-, cuyo radio de cobertura es de 500 kil\u00f3metros, forma parte del esfuerzo del Instituto Nicarag\u00fcense de Aeron\u00e1utica Civil (INAC), para lograr la certificaci\u00f3n del Aeropuerto Internacional Augusto C. Sandino.<\/p>\n<p>Se trata de un proceso necesario para cumplir con los requisitos de la Organizaci\u00f3n de Aviaci\u00f3n Civil Internacional (OACI).<\/p>\n<p>Carlos Salazar, director del INAC, dijo que la OACI emiti\u00f3 un mandato mediante el cual todos los aeropuertos latinoamericanos deber\u00e1n tener su certificaci\u00f3n antes del 2016, seg\u00fan inform\u00f3 Prensa Latina.<\/p>\n<p>Por ello, agreg\u00f3, Nicaragua como pa\u00eds responsable ha emprendido acciones en la terminal a\u00e9rea que incluyen no solo el mejoramiento de la tecnolog\u00eda, sino tambi\u00e9n de los sistemas de seguridad.<\/p>\n<p>Para sus operaciones diarias, nuestro aeropuerto Sandino contar\u00e1 con un radar de \u00faltima generaci\u00f3n con capacidad de visi\u00f3n de 250 millas, refiri\u00f3 el 19 digital.<\/p>\n<p>Unos 40 especialistas, entre pilotos, ingenieros aeron\u00e1uticos y t\u00e9cnicos, trabajan en esta certificaci\u00f3n, explic\u00f3 el director del INAC, la cual conllevar\u00e1 mantenimientos y cierres del aeropuerto, seg\u00fan informaron en una nota.<\/p>\n<p>El director de Transporte A\u00e9reo y sub coordinador de Certificaci\u00f3n, Carlos Bonilla, explic\u00f3 que este proceso consta de cinco fases y en estos momentos se trabaja en la cuarta, que conlleva la inspecci\u00f3n del tr\u00e1nsito a\u00e9reo, las comunicaciones, los sistemas de navegaci\u00f3n y otros procedimientos aeron\u00e1uticos.<\/p>\n","protected":false},"excerpt":{"rendered":"<p>Un sistema de detecci\u00f3n de tormentas conocido como ALIS \u2013\u00fanico en Centroam\u00e9rica-, cuyo radio de cobertura es de 500 kil\u00f3metros, forma parte del esfuerzo del Instituto Nicarag\u00fcense de Aeron\u00e1utica Civil (INAC), para lograr la certificaci\u00f3n del Aeropuerto Internacional Augusto C. Sandino. Se trata de un proceso necesario para cumplir con los requisitos de la Organizaci\u00f3n [&hellip;]<\/p>\n","protected":false},"author":1,"featured_media":32567,"comment_status":"open","ping_status":"open","sticky":false,"template":"","format":"standard","meta":{"om_disable_all_campaigns":false,"_monsterinsights_skip_tracking":false,"_monsterinsights_sitenote_active":false,"_monsterinsights_sitenote_note":"","_monsterinsights_sitenote_category":0,"footnotes":""},"categories":[3524,13],"tags":[],"class_list":["post-32566","post","type-post","status-publish","format-standard","has-post-thumbnail","hentry","category-noticas","category-portada"],"aioseo_notices":[],"_links":{"self":[{"href":"https:\/\/elcronistadigital.com\/index.php?rest_route=\/wp\/v2\/posts\/32566","targetHints":{"allow":["GET"]}}],"collection":[{"href":"https:\/\/elcronistadigital.com\/index.php?rest_route=\/wp\/v2\/posts"}],"about":[{"href":"https:\/\/elcronistadigital.com\/index.php?rest_route=\/wp\/v2\/types\/post"}],"author":[{"embeddable":true,"href":"https:\/\/elcronistadigital.com\/index.php?rest_route=\/wp\/v2\/users\/1"}],"replies":[{"embeddable":true,"href":"https:\/\/elcronistadigital.com\/index.php?rest_route=%2Fwp%2Fv2%2Fcomments&post=32566"}],"version-history":[{"count":1,"href":"https:\/\/elcronistadigital.com\/index.php?rest_route=\/wp\/v2\/posts\/32566\/revisions"}],"predecessor-version":[{"id":32568,"href":"https:\/\/elcronistadigital.com\/index.php?rest_route=\/wp\/v2\/posts\/32566\/revisions\/32568"}],"wp:featuredmedia":[{"embeddable":true,"href":"https:\/\/elcronistadigital.com\/index.php?rest_route=\/wp\/v2\/media\/32567"}],"wp:attachment":[{"href":"https:\/\/elcronistadigital.com\/index.php?rest_route=%2Fwp%2Fv2%2Fmedia&parent=32566"}],"wp:term":[{"taxonomy":"category","embeddable":true,"href":"https:\/\/elcronistadigital.com\/index.php?rest_route=%2Fwp%2Fv2%2Fcategories&post=32566"},{"taxonomy":"post_tag","embeddable":true,"href":"https:\/\/elcronistadigital.com\/index.php?rest_route=%2Fwp%2Fv2%2Ftags&post=32566"}],"curies":[{"name":"wp","href":"https:\/\/api.w.org\/{rel}","templated":true}]}}