{"id":32577,"date":"2014-06-09T11:49:27","date_gmt":"2014-06-09T17:49:27","guid":{"rendered":"http:\/\/elcronistadigital.com\/?p=32577"},"modified":"2014-06-09T11:49:27","modified_gmt":"2014-06-09T17:49:27","slug":"los-brasilenos-en-contra-del-mundial","status":"publish","type":"post","link":"https:\/\/elcronistadigital.com\/?p=32577","title":{"rendered":"Los brasile\u00f1os en contra del mundial"},"content":{"rendered":"<div id=\"attachment_32578\" style=\"width: 210px\" class=\"wp-caption alignleft\"><a href=\"https:\/\/elcronistadigital.com\/?attachment_id=32578\" rel=\"attachment wp-att-32578\"><img loading=\"lazy\" decoding=\"async\" aria-describedby=\"caption-attachment-32578\" class=\"size-medium wp-image-32578\" alt=\"Rub\u00e9n Aguilar Valenzuela.\" src=\"https:\/\/elcronistadigital.com\/wp-content\/uploads\/2014\/06\/Rub\u00e9n-Aguilar-Valenzuela2-200x300.jpg\" width=\"200\" height=\"300\" srcset=\"https:\/\/elcronistadigital.com\/wp-content\/uploads\/2014\/06\/Rub\u00e9n-Aguilar-Valenzuela2-200x300.jpg 200w, https:\/\/elcronistadigital.com\/wp-content\/uploads\/2014\/06\/Rub\u00e9n-Aguilar-Valenzuela2.jpg 299w\" sizes=\"auto, (max-width: 200px) 100vw, 200px\" \/><\/a><p id=\"caption-attachment-32578\" class=\"wp-caption-text\">Rub\u00e9n Aguilar Valenzuela.<\/p><\/div>\n<p>Rub\u00e9n Aguilar Valenzuela<\/p>\n<p>Los brasile\u00f1os que se oponen al Mundial no son la mayor\u00eda, pero s\u00ed un grupo significativo con capacidad para movilizarse y hacer escuchar su descontento a trav\u00e9s de la protesta en las calles. El punto central de su rechazo son los recursos que el gobierno ha destinado para la organizaci\u00f3n del evento y que ascienden a 11,500 millones de d\u00f3lares.<\/p>\n<p>Argumentan que la organizaci\u00f3n del Mundial m\u00e1s caro de la historia no trae beneficios tangibles para Brasil, que quien gana es la FIFA y que los recursos se pudieron haber destinado a mejorar la infraestructura, el transporte, la salud y la educaci\u00f3n. Los cr\u00edticos sostienen que \u201cel f\u00fatbol es el opio del pueblo brasile\u00f1o\u201d.<\/p>\n<p>En el 2008, 78% de los brasile\u00f1os estaba de acuerdo en que su pa\u00eds organizara el Mundial, pero ahora s\u00f3lo 49%; y en el 2013 48% pensaba que la Copa traer\u00eda beneficios para el pa\u00eds y en el 2014, s\u00f3lo 36%, seg\u00fan la reconocida encuestadora Datafolha. Los analistas sostienen que el m\u00f3vil real de las protestas es que el Mundial se ha convertido en un s\u00edmbolo de las promesas sociales no cumplidas. El auge del pa\u00eds, su reconocimiento a nivel internacional, no se ha traducido en modificaciones relevantes en la calidad de vida de la gran mayor\u00eda de la poblaci\u00f3n sobre todo de las clases medias. El gobierno, eso dicen los que protestan, con la organizaci\u00f3n del Mundial \u201cquiere tapar los problemas que se viven en el pa\u00eds\u201d y a\u00f1aden que \u201cojal\u00e1 pierda el Brasil, para que la gente abra los ojos a la realidad\u201d.<\/p>\n<p>La realizaci\u00f3n del Mundial ha evidenciado, dicen los analistas, la enorme e ineficiente burocracia brasile\u00f1a, los altos niveles de corrupci\u00f3n instalados en el sector p\u00fablico y privado y la incapacidad de las autoridades para llevar adelante las obras de infraestructura que se hab\u00edan prometido. Los 12 estadios estar\u00e1n listos para el d\u00eda de la inauguraci\u00f3n, pero no el resto de las otras obras (calles, avenidas, aeropuertos&#8230;).<\/p>\n<p>Mailson da N\u00f3brega, que fuera ministro de Hacienda y ahora dirige el centro de estudios econ\u00f3micos Tendencias, en Sao Pablo, asegura que quienes protestan \u201cest\u00e1n reaccionado al derroche, los proyectos de infraestructura inconclusos, las acusaciones de corrupci\u00f3n, la baja calidad de los colegios y los hospitales, el mal uso de los recursos\u201d.<\/p>\n<p>La protesta es contra el gobierno y no la selecci\u00f3n nacional y sus integrantes, que gozan de gran prestigio en la sociedad brasile\u00f1a. El gran futbolista Rom\u00e1rio, parte del equipo que gan\u00f3 el Mundial de 1994, y que ahora act\u00faa como diputado, ha dicho p\u00fablicamente que este Mundial \u201ces el mayor robo en la historia de Brasil\u201d. Las autoridades se han preparado para contener a los grupos, siempre peque\u00f1os, que pretendan perturbar el evento. En este entorno, \u00bfqu\u00e9 pasar\u00eda si Brasil no gana el Mundial? Ya se ver\u00e1.<\/p>\n","protected":false},"excerpt":{"rendered":"<p>Rub\u00e9n Aguilar Valenzuela Los brasile\u00f1os que se oponen al Mundial no son la mayor\u00eda, pero s\u00ed un grupo significativo con capacidad para movilizarse y hacer escuchar su descontento a trav\u00e9s de la protesta en las calles. El punto central de su rechazo son los recursos que el gobierno ha destinado para la organizaci\u00f3n del evento [&hellip;]<\/p>\n","protected":false},"author":1,"featured_media":32578,"comment_status":"open","ping_status":"open","sticky":false,"template":"","format":"standard","meta":{"om_disable_all_campaigns":false,"_monsterinsights_skip_tracking":false,"_monsterinsights_sitenote_active":false,"_monsterinsights_sitenote_note":"","_monsterinsights_sitenote_category":0,"footnotes":""},"categories":[12],"tags":[],"class_list":["post-32577","post","type-post","status-publish","format-standard","has-post-thumbnail","hentry","category-blugs"],"aioseo_notices":[],"_links":{"self":[{"href":"https:\/\/elcronistadigital.com\/index.php?rest_route=\/wp\/v2\/posts\/32577","targetHints":{"allow":["GET"]}}],"collection":[{"href":"https:\/\/elcronistadigital.com\/index.php?rest_route=\/wp\/v2\/posts"}],"about":[{"href":"https:\/\/elcronistadigital.com\/index.php?rest_route=\/wp\/v2\/types\/post"}],"author":[{"embeddable":true,"href":"https:\/\/elcronistadigital.com\/index.php?rest_route=\/wp\/v2\/users\/1"}],"replies":[{"embeddable":true,"href":"https:\/\/elcronistadigital.com\/index.php?rest_route=%2Fwp%2Fv2%2Fcomments&post=32577"}],"version-history":[{"count":1,"href":"https:\/\/elcronistadigital.com\/index.php?rest_route=\/wp\/v2\/posts\/32577\/revisions"}],"predecessor-version":[{"id":32579,"href":"https:\/\/elcronistadigital.com\/index.php?rest_route=\/wp\/v2\/posts\/32577\/revisions\/32579"}],"wp:featuredmedia":[{"embeddable":true,"href":"https:\/\/elcronistadigital.com\/index.php?rest_route=\/wp\/v2\/media\/32578"}],"wp:attachment":[{"href":"https:\/\/elcronistadigital.com\/index.php?rest_route=%2Fwp%2Fv2%2Fmedia&parent=32577"}],"wp:term":[{"taxonomy":"category","embeddable":true,"href":"https:\/\/elcronistadigital.com\/index.php?rest_route=%2Fwp%2Fv2%2Fcategories&post=32577"},{"taxonomy":"post_tag","embeddable":true,"href":"https:\/\/elcronistadigital.com\/index.php?rest_route=%2Fwp%2Fv2%2Ftags&post=32577"}],"curies":[{"name":"wp","href":"https:\/\/api.w.org\/{rel}","templated":true}]}}