{"id":32587,"date":"2014-06-09T14:06:19","date_gmt":"2014-06-09T20:06:19","guid":{"rendered":"http:\/\/elcronistadigital.com\/?p=32587"},"modified":"2014-06-09T14:06:19","modified_gmt":"2014-06-09T20:06:19","slug":"ruben-dario-mason","status":"publish","type":"post","link":"https:\/\/elcronistadigital.com\/?p=32587","title":{"rendered":"Rub\u00e9n Dar\u00edo mas\u00f3n"},"content":{"rendered":"<p><a href=\"https:\/\/elcronistadigital.com\/?attachment_id=32588\" rel=\"attachment wp-att-32588\"><img loading=\"lazy\" decoding=\"async\" class=\"alignleft size-medium wp-image-32588\" alt=\"Rub\u00e9n Dar\u00edo\" src=\"https:\/\/elcronistadigital.com\/wp-content\/uploads\/2014\/06\/Rub\u00e9n-Dar\u00edo-244x300.jpg\" width=\"244\" height=\"300\" srcset=\"https:\/\/elcronistadigital.com\/wp-content\/uploads\/2014\/06\/Rub\u00e9n-Dar\u00edo-244x300.jpg 244w, https:\/\/elcronistadigital.com\/wp-content\/uploads\/2014\/06\/Rub\u00e9n-Dar\u00edo-342x420.jpg 342w, https:\/\/elcronistadigital.com\/wp-content\/uploads\/2014\/06\/Rub\u00e9n-Dar\u00edo-300x368.jpg 300w, https:\/\/elcronistadigital.com\/wp-content\/uploads\/2014\/06\/Rub\u00e9n-Dar\u00edo.jpg 412w\" sizes=\"auto, (max-width: 244px) 100vw, 244px\" \/><\/a>Rub\u00e9n Dar\u00edo naci\u00f3 en Metapa, hoy, Ciudad Dar\u00edo, Matagalpa, Nicaragua, el 18 de enero de 1867 y muere en Le\u00f3n, el 6 de febrero de 1916.<\/p>\n<p>F\u00e9lix Rub\u00e9n Garc\u00eda Sarmiento, conocido como Rub\u00e9n Dar\u00edo, poeta, periodista y diplom\u00e1tico nicarag\u00fcense, es considerado como el Pr\u00edncipe de las Letras Castellanas, recuerda el Diario Mas\u00f3nico en su secci\u00f3n \u201cMasones c\u00e9lebres\u201d.<\/p>\n<p>Fue iniciado en la masoner\u00eda a los 41 a\u00f1os de edad, el viernes 24 de enero de 1908, en la Logia Progreso N\u00b0 1, de Managua. Fue apadrinado por el poeta Manuel Maldonado, quien junto con Santiago Arguello y el hermano Dar\u00edo, se consideraban los tres m\u00e1s grandes poetas de Nicaragua.<\/p>\n<p>A su iniciaci\u00f3n acudieron masones de todo Centroam\u00e9rica y a\u00fan de los Estados Unidos. Entre otros masones nicarag\u00fcenses, asistieron los doctores: Rodolfo Espinoza, Juan Francisco Guti\u00e9rrez, Manuel Maldonado, Rafael Zen\u00f3n Rivera, Manuel Reyes Mayorga, Emilio Espinoza, Francisco L\u00f3pez Bravo y otros. Entre los centroamericanos, el pol\u00edtico guatemalteco Juan Ponciano, el candidato a la presidencia de Guatemala General Jos\u00e9 Le\u00f3n Castillo, el salvadore\u00f1o Dr. Fernando Cornejo, el ex presidente de Honduras Policarpo Bonilla y sus coterr\u00e1neos General Guadalupe Reyes, Dr. Ricardo Alduv\u00edn y Paulino Valladares; entre los costarricenses, el profesor Virgilio Salazar y Don Juan Bautista Jim\u00e9nez.<\/p>\n<p>Entre los espa\u00f1oles, los Dres. Vicente Pi\u00f1era Rub\u00edn, Vicente Rodr\u00edguez, Jos\u00e9 G\u00f3mez y Jos\u00e9 Robles. Franceses: Enrique Dreyfus y Fernando Levy. Alemanes: Ricardo Susman y Francisco Brockman. Ingleses: Carlos Harding y Carlos Overend; Don \u00c1ngel Caligaris, italiano; y, don Nicol\u00e1s Delaney, norteamericano. Vino tambi\u00e9n el famoso escritor y fil\u00f3sofo don Emilio Castelar.<\/p>\n<p>El Venerable Maestro de la Logia Progreso era en ese a\u00f1o el Gran hermano Federico L\u00f3pez. El ilustre hermano Dionisio Mart\u00ednez Sanz, actu\u00f3 como Segundo Vigilante.<\/p>\n<p>Cuenta Dar\u00edo en su autobiografia:<\/p>\n<p>\u2026 En La vida de Rub\u00e9n Dar\u00edo contada por \u00e9l mismo (1915, cap. X), su autor \u2014refiri\u00e9ndose a su adolescencia en Le\u00f3n, cuando ten\u00eda trece a\u00f1os y era redactor del peri\u00f3dico La Verdad\u2014, consigna: \u201cCay\u00f3 en mis manos un libro de masoner\u00eda y me dio por ser mas\u00f3n, y llegaron a serme familiares Hiram, el Templo, los Caballeros Kadosh, el mandil, la escuadra, el comp\u00e1s, las bater\u00edas y toda la endiablada y simb\u00f3lica liturgia de esos terribles ingenuos\u201d.<\/p>\n<p>No pod\u00eda ser mas\u00f3n oficialmente por su edad, pero la cultura en Le\u00f3n \u2014donde M\u00e1ximo Jerez hab\u00eda fundado una Logia en los a\u00f1os cuarenta del siglo XIX\u2014, gravitaba sobre \u00e9l. No se olvide que entonces viv\u00eda su breve periodo anticlerical, mejor dicho, de enfant terrible.<\/p>\n","protected":false},"excerpt":{"rendered":"<p>Rub\u00e9n Dar\u00edo naci\u00f3 en Metapa, hoy, Ciudad Dar\u00edo, Matagalpa, Nicaragua, el 18 de enero de 1867 y muere en Le\u00f3n, el 6 de febrero de 1916. F\u00e9lix Rub\u00e9n Garc\u00eda Sarmiento, conocido como Rub\u00e9n Dar\u00edo, poeta, periodista y diplom\u00e1tico nicarag\u00fcense, es considerado como el Pr\u00edncipe de las Letras Castellanas, recuerda el Diario Mas\u00f3nico en su secci\u00f3n [&hellip;]<\/p>\n","protected":false},"author":1,"featured_media":32588,"comment_status":"open","ping_status":"open","sticky":false,"template":"","format":"standard","meta":{"om_disable_all_campaigns":false,"_monsterinsights_skip_tracking":false,"_monsterinsights_sitenote_active":false,"_monsterinsights_sitenote_note":"","_monsterinsights_sitenote_category":0,"footnotes":""},"categories":[10,3524],"tags":[],"class_list":["post-32587","post","type-post","status-publish","format-standard","has-post-thumbnail","hentry","category-cultura","category-noticas"],"aioseo_notices":[],"_links":{"self":[{"href":"https:\/\/elcronistadigital.com\/index.php?rest_route=\/wp\/v2\/posts\/32587","targetHints":{"allow":["GET"]}}],"collection":[{"href":"https:\/\/elcronistadigital.com\/index.php?rest_route=\/wp\/v2\/posts"}],"about":[{"href":"https:\/\/elcronistadigital.com\/index.php?rest_route=\/wp\/v2\/types\/post"}],"author":[{"embeddable":true,"href":"https:\/\/elcronistadigital.com\/index.php?rest_route=\/wp\/v2\/users\/1"}],"replies":[{"embeddable":true,"href":"https:\/\/elcronistadigital.com\/index.php?rest_route=%2Fwp%2Fv2%2Fcomments&post=32587"}],"version-history":[{"count":1,"href":"https:\/\/elcronistadigital.com\/index.php?rest_route=\/wp\/v2\/posts\/32587\/revisions"}],"predecessor-version":[{"id":32589,"href":"https:\/\/elcronistadigital.com\/index.php?rest_route=\/wp\/v2\/posts\/32587\/revisions\/32589"}],"wp:featuredmedia":[{"embeddable":true,"href":"https:\/\/elcronistadigital.com\/index.php?rest_route=\/wp\/v2\/media\/32588"}],"wp:attachment":[{"href":"https:\/\/elcronistadigital.com\/index.php?rest_route=%2Fwp%2Fv2%2Fmedia&parent=32587"}],"wp:term":[{"taxonomy":"category","embeddable":true,"href":"https:\/\/elcronistadigital.com\/index.php?rest_route=%2Fwp%2Fv2%2Fcategories&post=32587"},{"taxonomy":"post_tag","embeddable":true,"href":"https:\/\/elcronistadigital.com\/index.php?rest_route=%2Fwp%2Fv2%2Ftags&post=32587"}],"curies":[{"name":"wp","href":"https:\/\/api.w.org\/{rel}","templated":true}]}}