{"id":32593,"date":"2014-06-10T05:43:27","date_gmt":"2014-06-10T11:43:27","guid":{"rendered":"http:\/\/elcronistadigital.com\/?p=32593"},"modified":"2014-06-10T05:43:27","modified_gmt":"2014-06-10T11:43:27","slug":"estudiantes-nicas-en-olimpiada-de-matematica","status":"publish","type":"post","link":"https:\/\/elcronistadigital.com\/?p=32593","title":{"rendered":"Estudiantes nicas en Olimp\u00edada de Matem\u00e1tica"},"content":{"rendered":"<div id=\"attachment_32594\" style=\"width: 310px\" class=\"wp-caption alignleft\"><a href=\"https:\/\/elcronistadigital.com\/?attachment_id=32594\" rel=\"attachment wp-att-32594\"><img loading=\"lazy\" decoding=\"async\" aria-describedby=\"caption-attachment-32594\" class=\"size-medium wp-image-32594\" alt=\"Estudiantes de diferentes pa\u00edses en Costa Rica.\" src=\"https:\/\/elcronistadigital.com\/wp-content\/uploads\/2014\/06\/matem\u00e1ticas-300x168.jpg\" width=\"300\" height=\"168\" srcset=\"https:\/\/elcronistadigital.com\/wp-content\/uploads\/2014\/06\/matem\u00e1ticas-300x168.jpg 300w, https:\/\/elcronistadigital.com\/wp-content\/uploads\/2014\/06\/matem\u00e1ticas-342x192.jpg 342w, https:\/\/elcronistadigital.com\/wp-content\/uploads\/2014\/06\/matem\u00e1ticas.jpg 635w\" sizes=\"auto, (max-width: 300px) 100vw, 300px\" \/><\/a><p id=\"caption-attachment-32594\" class=\"wp-caption-text\">Estudiantes de diferentes pa\u00edses en Costa Rica.<\/p><\/div>\n<p>Estudiantes de 13 pa\u00edses pondr\u00e1n a prueba sus conocimientos en la XVI Olimpiada de Matem\u00e1tica de Centroam\u00e9rica y el Caribe, que se realiza en Costa Rica desde el lunes y hasta el pr\u00f3ximo viernes, informaron autoridades locales.<\/p>\n<p>Un total de 35 j\u00f3venes de Nicaragua, Cuba, El Salvador, Guatemala, Honduras, Jamaica, M\u00e9xico, Panam\u00e1, Puerto Rico, Rep\u00fablica Dominicana, Venezuela, Colombia y Costa Rica, competir\u00e1n por las medallas de oro, plata y bronce, as\u00ed como menciones de honor, indic\u00f3 un comunicado el Ministerio de Educaci\u00f3n P\u00fablica de Costa Rica (MEP).<\/p>\n<p>La prueba consta de dos partes, cada una compuesta por tres problemas matem\u00e1ticos que requieren \u00abcreatividad, imaginaci\u00f3n e ingenio\u00bb para su soluci\u00f3n, explic\u00f3 la misiva oficial citada por Efe.<\/p>\n<p>Los ejercicios son elaborados a partir de un banco de problemas enviados por los pa\u00edses participantes, que es recopilado, seleccionado y estudiado por un grupo de profesores durante los meses previos al concurso.<\/p>\n<p>Las delegaciones enfrentar\u00e1n las pruebas en la Facultad de Ciencias Sociales de la Universidad Nacional, ubicada en la provincia de Heredia.<\/p>\n<p>Esta es la tercera ocasi\u00f3n en la que Costa Rica figura como pa\u00eds anfitri\u00f3n de las justas.<\/p>\n<p>La primera Olimpiada de Matem\u00e1tica de Centroam\u00e9rica y el Caribe se llev\u00f3 a cabo en 1999.<\/p>\n","protected":false},"excerpt":{"rendered":"<p>Estudiantes de 13 pa\u00edses pondr\u00e1n a prueba sus conocimientos en la XVI Olimpiada de Matem\u00e1tica de Centroam\u00e9rica y el Caribe, que se realiza en Costa Rica desde el lunes y hasta el pr\u00f3ximo viernes, informaron autoridades locales. Un total de 35 j\u00f3venes de Nicaragua, Cuba, El Salvador, Guatemala, Honduras, Jamaica, M\u00e9xico, Panam\u00e1, Puerto Rico, Rep\u00fablica [&hellip;]<\/p>\n","protected":false},"author":1,"featured_media":32594,"comment_status":"open","ping_status":"open","sticky":false,"template":"","format":"standard","meta":{"om_disable_all_campaigns":false,"_monsterinsights_skip_tracking":false,"_monsterinsights_sitenote_active":false,"_monsterinsights_sitenote_note":"","_monsterinsights_sitenote_category":0,"footnotes":""},"categories":[10,3524],"tags":[],"class_list":["post-32593","post","type-post","status-publish","format-standard","has-post-thumbnail","hentry","category-cultura","category-noticas"],"aioseo_notices":[],"_links":{"self":[{"href":"https:\/\/elcronistadigital.com\/index.php?rest_route=\/wp\/v2\/posts\/32593","targetHints":{"allow":["GET"]}}],"collection":[{"href":"https:\/\/elcronistadigital.com\/index.php?rest_route=\/wp\/v2\/posts"}],"about":[{"href":"https:\/\/elcronistadigital.com\/index.php?rest_route=\/wp\/v2\/types\/post"}],"author":[{"embeddable":true,"href":"https:\/\/elcronistadigital.com\/index.php?rest_route=\/wp\/v2\/users\/1"}],"replies":[{"embeddable":true,"href":"https:\/\/elcronistadigital.com\/index.php?rest_route=%2Fwp%2Fv2%2Fcomments&post=32593"}],"version-history":[{"count":1,"href":"https:\/\/elcronistadigital.com\/index.php?rest_route=\/wp\/v2\/posts\/32593\/revisions"}],"predecessor-version":[{"id":32595,"href":"https:\/\/elcronistadigital.com\/index.php?rest_route=\/wp\/v2\/posts\/32593\/revisions\/32595"}],"wp:featuredmedia":[{"embeddable":true,"href":"https:\/\/elcronistadigital.com\/index.php?rest_route=\/wp\/v2\/media\/32594"}],"wp:attachment":[{"href":"https:\/\/elcronistadigital.com\/index.php?rest_route=%2Fwp%2Fv2%2Fmedia&parent=32593"}],"wp:term":[{"taxonomy":"category","embeddable":true,"href":"https:\/\/elcronistadigital.com\/index.php?rest_route=%2Fwp%2Fv2%2Fcategories&post=32593"},{"taxonomy":"post_tag","embeddable":true,"href":"https:\/\/elcronistadigital.com\/index.php?rest_route=%2Fwp%2Fv2%2Ftags&post=32593"}],"curies":[{"name":"wp","href":"https:\/\/api.w.org\/{rel}","templated":true}]}}