{"id":32599,"date":"2014-06-10T06:16:03","date_gmt":"2014-06-10T12:16:03","guid":{"rendered":"http:\/\/elcronistadigital.com\/?p=32599"},"modified":"2014-06-10T06:16:03","modified_gmt":"2014-06-10T12:16:03","slug":"nicaragua-no-dejo-entrar-a-aseguradora-de-costa-rica","status":"publish","type":"post","link":"https:\/\/elcronistadigital.com\/?p=32599","title":{"rendered":"Nicaragua no dej\u00f3 entrar a aseguradora de Costa Rica"},"content":{"rendered":"<p><a href=\"https:\/\/elcronistadigital.com\/?attachment_id=32600\" rel=\"attachment wp-att-32600\"><img loading=\"lazy\" decoding=\"async\" class=\"alignleft size-full wp-image-32600\" alt=\"ins\" src=\"https:\/\/elcronistadigital.com\/wp-content\/uploads\/2014\/06\/ins.jpg\" width=\"240\" height=\"210\" \/><\/a>La Intendencia de Seguros de Nicaragua rechaz\u00f3 dar permiso al Instituto Nacional de Seguros (INS) para operar en territorio nicarag\u00fcense, confirm\u00f3 a La Naci\u00f3n el presidente ejecutivo de la empresa p\u00fablica.<\/p>\n<p>\u00abNos rechazaron el registro en Nicaragua. Fue en la \u00e9poca de don Guillermo (Constenla). No tengo nada oficial de por qu\u00e9 nos lo rechazaron. Hemos buscado documentaci\u00f3n de lo que pas\u00f3 en Nicaragua, pero a\u00fan no lo hemos encontrado\u00bb, asegur\u00f3 Alfaro.<\/p>\n<p>El INS tico comenz\u00f3, en el 2012, el proceso de registro en el mercado nicarag\u00fcense, tras un intento fallido de adquirir una aseguradora privada en Panam\u00e1.<\/p>\n<p>El nuevo presidente ejecutivo de la empresa p\u00fablica afirm\u00f3 que a\u00fan est\u00e1n interesados en competir en el mercado centroamericano. Sin embargo, primero realizar\u00e1n estudios adicionales de factibilidad financiera, pues los m\u00e1s recientes -sobre la posibilidad de incursionar en el Istmo- son del 2008.<\/p>\n<p>\u00abCreo que el INS tiene mucho que ganar vendiendo afuera. Pero es un paso que debe darse de forma muy segura porque son inversiones que se har\u00edan con dinero p\u00fablico. Cualquier paso que se d\u00e9 tienen que estar soportado en estudios. Incluso con proyecciones conservadoras\u00bb, afirm\u00f3 el jerarca.<\/p>\n<p>El INS hab\u00eda reservado, desde el 2012, $300 millones para su objetivo de incursionar en Centroam\u00e9rica, fuese mediante la compra de una compa\u00f1\u00eda o iniciando desde cero.<\/p>\n","protected":false},"excerpt":{"rendered":"<p>La Intendencia de Seguros de Nicaragua rechaz\u00f3 dar permiso al Instituto Nacional de Seguros (INS) para operar en territorio nicarag\u00fcense, confirm\u00f3 a La Naci\u00f3n el presidente ejecutivo de la empresa p\u00fablica. \u00abNos rechazaron el registro en Nicaragua. Fue en la \u00e9poca de don Guillermo (Constenla). No tengo nada oficial de por qu\u00e9 nos lo rechazaron. [&hellip;]<\/p>\n","protected":false},"author":1,"featured_media":32600,"comment_status":"open","ping_status":"open","sticky":false,"template":"","format":"standard","meta":{"om_disable_all_campaigns":false,"_monsterinsights_skip_tracking":false,"_monsterinsights_sitenote_active":false,"_monsterinsights_sitenote_note":"","_monsterinsights_sitenote_category":0,"footnotes":""},"categories":[4,3524],"tags":[],"class_list":["post-32599","post","type-post","status-publish","format-standard","has-post-thumbnail","hentry","category-economia","category-noticas"],"aioseo_notices":[],"_links":{"self":[{"href":"https:\/\/elcronistadigital.com\/index.php?rest_route=\/wp\/v2\/posts\/32599","targetHints":{"allow":["GET"]}}],"collection":[{"href":"https:\/\/elcronistadigital.com\/index.php?rest_route=\/wp\/v2\/posts"}],"about":[{"href":"https:\/\/elcronistadigital.com\/index.php?rest_route=\/wp\/v2\/types\/post"}],"author":[{"embeddable":true,"href":"https:\/\/elcronistadigital.com\/index.php?rest_route=\/wp\/v2\/users\/1"}],"replies":[{"embeddable":true,"href":"https:\/\/elcronistadigital.com\/index.php?rest_route=%2Fwp%2Fv2%2Fcomments&post=32599"}],"version-history":[{"count":1,"href":"https:\/\/elcronistadigital.com\/index.php?rest_route=\/wp\/v2\/posts\/32599\/revisions"}],"predecessor-version":[{"id":32601,"href":"https:\/\/elcronistadigital.com\/index.php?rest_route=\/wp\/v2\/posts\/32599\/revisions\/32601"}],"wp:featuredmedia":[{"embeddable":true,"href":"https:\/\/elcronistadigital.com\/index.php?rest_route=\/wp\/v2\/media\/32600"}],"wp:attachment":[{"href":"https:\/\/elcronistadigital.com\/index.php?rest_route=%2Fwp%2Fv2%2Fmedia&parent=32599"}],"wp:term":[{"taxonomy":"category","embeddable":true,"href":"https:\/\/elcronistadigital.com\/index.php?rest_route=%2Fwp%2Fv2%2Fcategories&post=32599"},{"taxonomy":"post_tag","embeddable":true,"href":"https:\/\/elcronistadigital.com\/index.php?rest_route=%2Fwp%2Fv2%2Ftags&post=32599"}],"curies":[{"name":"wp","href":"https:\/\/api.w.org\/{rel}","templated":true}]}}