{"id":32602,"date":"2014-06-10T06:25:07","date_gmt":"2014-06-10T12:25:07","guid":{"rendered":"http:\/\/elcronistadigital.com\/?p=32602"},"modified":"2014-06-10T06:25:07","modified_gmt":"2014-06-10T12:25:07","slug":"nuestros-estudiantes-recibiran-charlas-sobre-las-malvinas","status":"publish","type":"post","link":"https:\/\/elcronistadigital.com\/?p=32602","title":{"rendered":"Nuestros estudiantes recibir\u00e1n charlas sobre las Malvinas"},"content":{"rendered":"<p><a href=\"https:\/\/elcronistadigital.com\/?attachment_id=32603\" rel=\"attachment wp-att-32603\"><img loading=\"lazy\" decoding=\"async\" class=\"alignleft size-medium wp-image-32603\" alt=\"Malvinas\" src=\"https:\/\/elcronistadigital.com\/wp-content\/uploads\/2014\/06\/Malvinas-300x240.jpg\" width=\"300\" height=\"240\" srcset=\"https:\/\/elcronistadigital.com\/wp-content\/uploads\/2014\/06\/Malvinas-300x240.jpg 300w, https:\/\/elcronistadigital.com\/wp-content\/uploads\/2014\/06\/Malvinas-1024x820.jpg 1024w, https:\/\/elcronistadigital.com\/wp-content\/uploads\/2014\/06\/Malvinas-342x274.jpg 342w, https:\/\/elcronistadigital.com\/wp-content\/uploads\/2014\/06\/Malvinas.jpg 1200w\" sizes=\"auto, (max-width: 300px) 100vw, 300px\" \/><\/a>A partir del mi\u00e9rcoles 11 de junio, la embajada de Argentina en Nicaragua iniciar\u00e1 un ciclo de charlas y exposiciones sobre las Malvinas en escuelas de nuestro pa\u00eds.<\/p>\n<p>Este martes se celebra en la naci\u00f3n sudamericana el D\u00eda de la Reafirmaci\u00f3n de los derechos soberanos sobre las Malvinas. Las actividades de la embajada de Argentina empezar\u00e1n en el Instituto Did\u00e1ctico Domingo Faustino Sarmiento, de la capital nicarag\u00fcense, aunque su final no fue dado a conocer.<\/p>\n<p>Adem\u00e1s de las charlas y exposiciones, los alumnos tendr\u00e1n la oportunidad de participar en concursos de car\u00e1cter \u00abacad\u00e9mico-cultural\u00bb referidos a Argentina, confirm\u00f3 el embajador de ese pa\u00eds en Managua, Marcelo Valle, en conferencia de prensa.<\/p>\n<p>El ciclo es promovido por el Grupo de Solidaridad con la Cuesti\u00f3n Malvinas en Nicaragua, seg\u00fan la fuente citada por Efe.<\/p>\n<p>La Asamblea Nacional (Parlamento) de Nicaragua aprob\u00f3 en marzo pasado que el 10 de junio sea considerado \u00abD\u00eda de la Solidaridad de Nicaragua con Argentina en el caso de las Islas Malvinas\u00bb.<\/p>\n<p>Argentina conmemora cada a\u00f1o el 10 de junio de 1829 por la creaci\u00f3n de la Comandancia Pol\u00edtica y Militar de las Islas Malvinas y adyacentes al Cabo de Hornos, bajo la responsabilidad de Luis Mar\u00eda Vernet.<\/p>\n<p>En las Malvinas viven ciudadanos brit\u00e1nicos y son llamadas \u00abFalklands Islands\u00bb por Reino Unido desde su posesi\u00f3n 1833, una ocupaci\u00f3n que Argentina nunca ha reconocido.<\/p>\n","protected":false},"excerpt":{"rendered":"<p>A partir del mi\u00e9rcoles 11 de junio, la embajada de Argentina en Nicaragua iniciar\u00e1 un ciclo de charlas y exposiciones sobre las Malvinas en escuelas de nuestro pa\u00eds. Este martes se celebra en la naci\u00f3n sudamericana el D\u00eda de la Reafirmaci\u00f3n de los derechos soberanos sobre las Malvinas. Las actividades de la embajada de Argentina [&hellip;]<\/p>\n","protected":false},"author":1,"featured_media":32603,"comment_status":"open","ping_status":"open","sticky":false,"template":"","format":"standard","meta":{"om_disable_all_campaigns":false,"_monsterinsights_skip_tracking":false,"_monsterinsights_sitenote_active":false,"_monsterinsights_sitenote_note":"","_monsterinsights_sitenote_category":0,"footnotes":""},"categories":[3],"tags":[],"class_list":["post-32602","post","type-post","status-publish","format-standard","has-post-thumbnail","hentry","category-nacionales"],"aioseo_notices":[],"_links":{"self":[{"href":"https:\/\/elcronistadigital.com\/index.php?rest_route=\/wp\/v2\/posts\/32602","targetHints":{"allow":["GET"]}}],"collection":[{"href":"https:\/\/elcronistadigital.com\/index.php?rest_route=\/wp\/v2\/posts"}],"about":[{"href":"https:\/\/elcronistadigital.com\/index.php?rest_route=\/wp\/v2\/types\/post"}],"author":[{"embeddable":true,"href":"https:\/\/elcronistadigital.com\/index.php?rest_route=\/wp\/v2\/users\/1"}],"replies":[{"embeddable":true,"href":"https:\/\/elcronistadigital.com\/index.php?rest_route=%2Fwp%2Fv2%2Fcomments&post=32602"}],"version-history":[{"count":1,"href":"https:\/\/elcronistadigital.com\/index.php?rest_route=\/wp\/v2\/posts\/32602\/revisions"}],"predecessor-version":[{"id":32604,"href":"https:\/\/elcronistadigital.com\/index.php?rest_route=\/wp\/v2\/posts\/32602\/revisions\/32604"}],"wp:featuredmedia":[{"embeddable":true,"href":"https:\/\/elcronistadigital.com\/index.php?rest_route=\/wp\/v2\/media\/32603"}],"wp:attachment":[{"href":"https:\/\/elcronistadigital.com\/index.php?rest_route=%2Fwp%2Fv2%2Fmedia&parent=32602"}],"wp:term":[{"taxonomy":"category","embeddable":true,"href":"https:\/\/elcronistadigital.com\/index.php?rest_route=%2Fwp%2Fv2%2Fcategories&post=32602"},{"taxonomy":"post_tag","embeddable":true,"href":"https:\/\/elcronistadigital.com\/index.php?rest_route=%2Fwp%2Fv2%2Ftags&post=32602"}],"curies":[{"name":"wp","href":"https:\/\/api.w.org\/{rel}","templated":true}]}}