{"id":32608,"date":"2014-06-10T06:50:02","date_gmt":"2014-06-10T12:50:02","guid":{"rendered":"http:\/\/elcronistadigital.com\/?p=32608"},"modified":"2014-06-10T06:50:02","modified_gmt":"2014-06-10T12:50:02","slug":"futbolista-espanol-jugara-con-seleccion-de-nicaragua","status":"publish","type":"post","link":"https:\/\/elcronistadigital.com\/?p=32608","title":{"rendered":"Futbolista espa\u00f1ol jugar\u00e1 con selecci\u00f3n de Nicaragua"},"content":{"rendered":"<div id=\"attachment_32609\" style=\"width: 310px\" class=\"wp-caption alignleft\"><a href=\"https:\/\/elcronistadigital.com\/?attachment_id=32609\" rel=\"attachment wp-att-32609\"><img loading=\"lazy\" decoding=\"async\" aria-describedby=\"caption-attachment-32609\" class=\"size-medium wp-image-32609\" alt=\"Dani Cadena, futbolista espa\u00f1ol del &quot;Walter Ferreti&quot;.\" src=\"https:\/\/elcronistadigital.com\/wp-content\/uploads\/2014\/06\/Dani-Cadena-300x187.jpg\" width=\"300\" height=\"187\" srcset=\"https:\/\/elcronistadigital.com\/wp-content\/uploads\/2014\/06\/Dani-Cadena-300x187.jpg 300w, https:\/\/elcronistadigital.com\/wp-content\/uploads\/2014\/06\/Dani-Cadena-342x213.jpg 342w, https:\/\/elcronistadigital.com\/wp-content\/uploads\/2014\/06\/Dani-Cadena.jpg 720w\" sizes=\"auto, (max-width: 300px) 100vw, 300px\" \/><\/a><p id=\"caption-attachment-32609\" class=\"wp-caption-text\">Dani Cadena, futbolista espa\u00f1ol del \u00abWalter Ferreti\u00bb.<\/p><\/div>\n<p>El futbolista espa\u00f1ol Dani Cadena, mediapunta del CD Walter Ferretti, formar\u00e1 parte de la selecci\u00f3n de Nicaragua, inform\u00f3 lavozdigital.es.<\/p>\n<p>Natural de Sanl\u00facar de Barrameda, el futbolista ha cuajado una temporada sobresaliente en nuestro pa\u00eds, donde ha anotado 23 goles durante la campa\u00f1a, diez de ellos en el Torneo Apertura, campeonato en el que fue el m\u00e1ximo goleador.<\/p>\n<p>Un excelente papel que ha propiciado que el seleccionador Enrique Llena, tambi\u00e9n de origen espa\u00f1ol, cuente con \u00e9l para disputar en 2015 la Copa Oro de la Concacaf. Antes, en torno al 15 de septiembre, tendr\u00e1 que disputar eliminatorias en Estados Unidos ante Costa Rica y Panam\u00e1.<\/p>\n<p>Dani Cadena se\u00f1al\u00f3 el lunes en el programa &#8216;Andaluc\u00eda Internacional&#8217; de &#8216;Radio Giralda&#8217;: \u00abMe siento espa\u00f1ol, pero es un orgullo jugar con Nicaragua. Es una oportunidad que no puedo desaprovechar\u00bb.<\/p>\n","protected":false},"excerpt":{"rendered":"<p>El futbolista espa\u00f1ol Dani Cadena, mediapunta del CD Walter Ferretti, formar\u00e1 parte de la selecci\u00f3n de Nicaragua, inform\u00f3 lavozdigital.es. Natural de Sanl\u00facar de Barrameda, el futbolista ha cuajado una temporada sobresaliente en nuestro pa\u00eds, donde ha anotado 23 goles durante la campa\u00f1a, diez de ellos en el Torneo Apertura, campeonato en el que fue el [&hellip;]<\/p>\n","protected":false},"author":1,"featured_media":32609,"comment_status":"open","ping_status":"open","sticky":false,"template":"","format":"standard","meta":{"om_disable_all_campaigns":false,"_monsterinsights_skip_tracking":false,"_monsterinsights_sitenote_active":false,"_monsterinsights_sitenote_note":"","_monsterinsights_sitenote_category":0,"footnotes":""},"categories":[3524],"tags":[],"class_list":["post-32608","post","type-post","status-publish","format-standard","has-post-thumbnail","hentry","category-noticas"],"aioseo_notices":[],"_links":{"self":[{"href":"https:\/\/elcronistadigital.com\/index.php?rest_route=\/wp\/v2\/posts\/32608","targetHints":{"allow":["GET"]}}],"collection":[{"href":"https:\/\/elcronistadigital.com\/index.php?rest_route=\/wp\/v2\/posts"}],"about":[{"href":"https:\/\/elcronistadigital.com\/index.php?rest_route=\/wp\/v2\/types\/post"}],"author":[{"embeddable":true,"href":"https:\/\/elcronistadigital.com\/index.php?rest_route=\/wp\/v2\/users\/1"}],"replies":[{"embeddable":true,"href":"https:\/\/elcronistadigital.com\/index.php?rest_route=%2Fwp%2Fv2%2Fcomments&post=32608"}],"version-history":[{"count":1,"href":"https:\/\/elcronistadigital.com\/index.php?rest_route=\/wp\/v2\/posts\/32608\/revisions"}],"predecessor-version":[{"id":32610,"href":"https:\/\/elcronistadigital.com\/index.php?rest_route=\/wp\/v2\/posts\/32608\/revisions\/32610"}],"wp:featuredmedia":[{"embeddable":true,"href":"https:\/\/elcronistadigital.com\/index.php?rest_route=\/wp\/v2\/media\/32609"}],"wp:attachment":[{"href":"https:\/\/elcronistadigital.com\/index.php?rest_route=%2Fwp%2Fv2%2Fmedia&parent=32608"}],"wp:term":[{"taxonomy":"category","embeddable":true,"href":"https:\/\/elcronistadigital.com\/index.php?rest_route=%2Fwp%2Fv2%2Fcategories&post=32608"},{"taxonomy":"post_tag","embeddable":true,"href":"https:\/\/elcronistadigital.com\/index.php?rest_route=%2Fwp%2Fv2%2Ftags&post=32608"}],"curies":[{"name":"wp","href":"https:\/\/api.w.org\/{rel}","templated":true}]}}