{"id":32611,"date":"2014-06-10T07:00:32","date_gmt":"2014-06-10T13:00:32","guid":{"rendered":"http:\/\/elcronistadigital.com\/?p=32611"},"modified":"2014-06-10T07:00:32","modified_gmt":"2014-06-10T13:00:32","slug":"nicaragua-inaugura-centro-de-estudios-superiores-en-banda-ancha","status":"publish","type":"post","link":"https:\/\/elcronistadigital.com\/?p=32611","title":{"rendered":"Nicaragua inaugura Centro de Estudios Superiores en Banda Ancha"},"content":{"rendered":"<p><a href=\"https:\/\/elcronistadigital.com\/?attachment_id=32612\" rel=\"attachment wp-att-32612\"><img loading=\"lazy\" decoding=\"async\" class=\"alignleft size-medium wp-image-32612\" alt=\"banda\" src=\"https:\/\/elcronistadigital.com\/wp-content\/uploads\/2014\/06\/banda-300x183.jpg\" width=\"300\" height=\"183\" srcset=\"https:\/\/elcronistadigital.com\/wp-content\/uploads\/2014\/06\/banda-300x183.jpg 300w, https:\/\/elcronistadigital.com\/wp-content\/uploads\/2014\/06\/banda-342x209.jpg 342w, https:\/\/elcronistadigital.com\/wp-content\/uploads\/2014\/06\/banda.jpg 692w\" sizes=\"auto, (max-width: 300px) 100vw, 300px\" \/><\/a>Nicaragua inaugur\u00f3 el lunes el Centro de Estudios Superiores en Banda Ancha para el Desarrollo, en un acto presidido por el mandatario Daniel Ortega y el embajador de Corea del Sur en Managua, Kim Doo-Sik, inform\u00f3 Efe.<\/p>\n<p>El proyecto estableci\u00f3 su sede en Nicaragua como resultado de un concurso internacional lanzado por Corea del Sur y el Banco Interamericano de Desarrollo (BID), que aportar\u00e1n 3,2 millones de d\u00f3lares para el centro.<\/p>\n<p>Dicho centro servir\u00e1 para capacitar a ingenieros de Centroam\u00e9rica y el Caribe en temas relacionados con la tecnolog\u00eda de telecomunicaciones, seg\u00fan la informaci\u00f3n oficial.<\/p>\n<p>\u00abEste es el primer paso, aqu\u00ed estamos sembrando la semilla de la revoluci\u00f3n tecnol\u00f3gica para Nicaragua y para la regi\u00f3n\u00bb, dijo Ortega, durante su discurso de apertura del centro.<\/p>\n<p>Al menos 12.000 especialistas de la regi\u00f3n ser\u00e1n capacitados en tecnolog\u00eda de telecomunicaciones, afirm\u00f3 el presidente ejecutivo del Instituto Nicarag\u00fcense de Telecomunicaciones y Correos (Telcor), Orlando Castillo.<\/p>\n<p>\u00abHoy es un d\u00eda significativo para la regi\u00f3n, todo el tema de la banda ancha comienza a trabajarse cada d\u00eda, y eso va a tener un impacto en el crecimiento econ\u00f3mico de la regi\u00f3n\u00bb, dijo el representante del BID en Nicaragua, Carlos Melo.<\/p>\n<p>El ministro de Ciencia, Tecnolog\u00eda de la Informaci\u00f3n y Telecomunicaciones y Planificaci\u00f3n del Futuro de Corea del Sur, Choi Mun-kee, tambi\u00e9n felicit\u00f3 a Nicaragua por haber ganado el concurso.<\/p>\n<p>\u00abEs un pa\u00eds altamente comprometido en apoyar a la regi\u00f3n en temas de comunicaci\u00f3n y tecnolog\u00eda\u00bb, dijo el representante coreano sobre Nicaragua.<\/p>\n<p>El Centro de Estudios Superiores en Banda Ancha para el Desarrollo, con sede en el antiguo centro de Managua, iniciar\u00e1 operaciones este martes, con la discusi\u00f3n de la estrategia de participaci\u00f3n de los pa\u00edses de la regi\u00f3n, anunci\u00f3 Castillo.<\/p>\n<p>A la inauguraci\u00f3n asistieron delegaciones de Argentina, Brasil, Corea del Sur, Costa Rica, El Salvador, Guatemala, Honduras, Panam\u00e1 y Uruguay, as\u00ed como de la regional Comisi\u00f3n Centroamericana de Telecomunicaciones.<\/p>\n","protected":false},"excerpt":{"rendered":"<p>Nicaragua inaugur\u00f3 el lunes el Centro de Estudios Superiores en Banda Ancha para el Desarrollo, en un acto presidido por el mandatario Daniel Ortega y el embajador de Corea del Sur en Managua, Kim Doo-Sik, inform\u00f3 Efe. El proyecto estableci\u00f3 su sede en Nicaragua como resultado de un concurso internacional lanzado por Corea del Sur [&hellip;]<\/p>\n","protected":false},"author":1,"featured_media":32612,"comment_status":"open","ping_status":"open","sticky":false,"template":"","format":"standard","meta":{"om_disable_all_campaigns":false,"_monsterinsights_skip_tracking":false,"_monsterinsights_sitenote_active":false,"_monsterinsights_sitenote_note":"","_monsterinsights_sitenote_category":0,"footnotes":""},"categories":[3],"tags":[],"class_list":["post-32611","post","type-post","status-publish","format-standard","has-post-thumbnail","hentry","category-nacionales"],"aioseo_notices":[],"_links":{"self":[{"href":"https:\/\/elcronistadigital.com\/index.php?rest_route=\/wp\/v2\/posts\/32611","targetHints":{"allow":["GET"]}}],"collection":[{"href":"https:\/\/elcronistadigital.com\/index.php?rest_route=\/wp\/v2\/posts"}],"about":[{"href":"https:\/\/elcronistadigital.com\/index.php?rest_route=\/wp\/v2\/types\/post"}],"author":[{"embeddable":true,"href":"https:\/\/elcronistadigital.com\/index.php?rest_route=\/wp\/v2\/users\/1"}],"replies":[{"embeddable":true,"href":"https:\/\/elcronistadigital.com\/index.php?rest_route=%2Fwp%2Fv2%2Fcomments&post=32611"}],"version-history":[{"count":1,"href":"https:\/\/elcronistadigital.com\/index.php?rest_route=\/wp\/v2\/posts\/32611\/revisions"}],"predecessor-version":[{"id":32613,"href":"https:\/\/elcronistadigital.com\/index.php?rest_route=\/wp\/v2\/posts\/32611\/revisions\/32613"}],"wp:featuredmedia":[{"embeddable":true,"href":"https:\/\/elcronistadigital.com\/index.php?rest_route=\/wp\/v2\/media\/32612"}],"wp:attachment":[{"href":"https:\/\/elcronistadigital.com\/index.php?rest_route=%2Fwp%2Fv2%2Fmedia&parent=32611"}],"wp:term":[{"taxonomy":"category","embeddable":true,"href":"https:\/\/elcronistadigital.com\/index.php?rest_route=%2Fwp%2Fv2%2Fcategories&post=32611"},{"taxonomy":"post_tag","embeddable":true,"href":"https:\/\/elcronistadigital.com\/index.php?rest_route=%2Fwp%2Fv2%2Ftags&post=32611"}],"curies":[{"name":"wp","href":"https:\/\/api.w.org\/{rel}","templated":true}]}}