{"id":32614,"date":"2014-06-10T11:54:00","date_gmt":"2014-06-10T17:54:00","guid":{"rendered":"http:\/\/elcronistadigital.com\/?p=32614"},"modified":"2014-06-10T11:54:00","modified_gmt":"2014-06-10T17:54:00","slug":"unicef-aplaude-socorro-de-eu-a-ninos-que-huyen-de-sus-paises","status":"publish","type":"post","link":"https:\/\/elcronistadigital.com\/?p=32614","title":{"rendered":"Unicef aplaude socorro de EU a ni\u00f1os que huyen de sus pa\u00edses"},"content":{"rendered":"<p><a href=\"https:\/\/elcronistadigital.com\/?attachment_id=32615\" rel=\"attachment wp-att-32615\"><img loading=\"lazy\" decoding=\"async\" class=\"alignleft size-medium wp-image-32615\" alt=\"ni\u00f1os que huyen\" src=\"https:\/\/elcronistadigital.com\/wp-content\/uploads\/2014\/06\/ni\u00f1os-que-huyen-300x225.jpg\" width=\"300\" height=\"225\" srcset=\"https:\/\/elcronistadigital.com\/wp-content\/uploads\/2014\/06\/ni\u00f1os-que-huyen-300x225.jpg 300w, https:\/\/elcronistadigital.com\/wp-content\/uploads\/2014\/06\/ni\u00f1os-que-huyen-342x256.jpg 342w, https:\/\/elcronistadigital.com\/wp-content\/uploads\/2014\/06\/ni\u00f1os-que-huyen-60x45.jpg 60w, https:\/\/elcronistadigital.com\/wp-content\/uploads\/2014\/06\/ni\u00f1os-que-huyen-150x113.jpg 150w, https:\/\/elcronistadigital.com\/wp-content\/uploads\/2014\/06\/ni\u00f1os-que-huyen-269x201.jpg 269w, https:\/\/elcronistadigital.com\/wp-content\/uploads\/2014\/06\/ni\u00f1os-que-huyen.jpg 400w\" sizes=\"auto, (max-width: 300px) 100vw, 300px\" \/><\/a>Nueva York.- \u201cUNICEF acoge con satisfacci\u00f3n la labor de socorro urgente llevada a cabo por el Gobierno de los Estados Unidos para hacer frente a un aumento sin precedentes en el n\u00famero de ni\u00f1as y ni\u00f1os no acompa\u00f1ados que tratan de entrar en los Estados Unidos, procedentes en su mayor\u00eda de Am\u00e9rica Central.<\/p>\n<p>\u201cSeg\u00fan los datos del Gobierno de los Estados Unidos, m\u00e1s de 47.000 ni\u00f1as y ni\u00f1os no acompa\u00f1ados han sido detenidos en la frontera sudoccidental en los \u00faltimos ocho meses, casi m\u00e1s del doble del n\u00famero de ni\u00f1as y ni\u00f1os detenidos entre octubre de 2012 y septiembre de 2013. La Agencia de las Naciones Unidas para los Refugiados estima que por lo menos otros 10.000 ni\u00f1os y ni\u00f1as intentar\u00e1n entrar sin sus padres en los Estados Unidos antes de finales de septiembre.<\/p>\n<p>\u201cUn aumento en el n\u00famero de ni\u00f1as entre los ni\u00f1os migrantes resulta preocupante. Las ni\u00f1as y los ni\u00f1os m\u00e1s peque\u00f1os son los m\u00e1s vulnerables y requieren una protecci\u00f3n especial. En cierta medida, es un dato tranquilizador saber que las actividades de socorro servir\u00e1n para proporcionarles vivienda, alimentaci\u00f3n, atenci\u00f3n m\u00e9dica, asistencia jur\u00eddica y educaci\u00f3n adecuadas.<\/p>\n<p>\u201cHay pruebas claras y convincentes \u2013incluido el reciente informe de la Oficina del Alto Comisionado de las Naciones Unidas para los Refugiados, Children on the Run (Ni\u00f1os que huyen), as\u00ed como varios estudios realizados por UNICEF en diferentes pa\u00edses de Am\u00e9rica Central\u2013 que demuestran que hay diversos \u201cfactores de expulsi\u00f3n\u201d que explican por qu\u00e9 estas ni\u00f1as y ni\u00f1os se ven obligados a huir.<\/p>\n<p>\u201cCon frecuencia escapan de la persecuci\u00f3n por parte de bandas y otros grupos delictivos, de la brutalidad y la violencia que existe en sus propias comunidades e incluso en sus hogares, as\u00ed como de una situaci\u00f3n persistente de pobreza y desigualdad. Esos fen\u00f3menos afectan a los pa\u00edses de toda la regi\u00f3n, a medida que aumenta el n\u00famero de ni\u00f1as y ni\u00f1os que se embarcan a menudo en viajes peligrosos y que ponen en riesgo sus vidas para buscar fuera de sus pa\u00edses la seguridad y la protecci\u00f3n que necesitan.<\/p>\n<p>\u201cResolver las necesidades de estas ni\u00f1as y ni\u00f1os migrantes \u2013algunos de los cuales apenas tienen edad suficiente para caminar\u2013 exige medidas firmes de coordinaci\u00f3n y cooperaci\u00f3n a trav\u00e9s de las fronteras por parte de los funcionarios de aduanas y de los encargados de hacer cumplir la ley, as\u00ed como de los cuidadores y del p\u00fablico en general que podr\u00edan entrar en contacto con estos ni\u00f1os.<\/p>\n<p>\u201cUNICEF hace un llamamiento a los gobiernos de los pa\u00edses de donde huyen estas ni\u00f1as y ni\u00f1os \u2013M\u00e9xico, El Salvador, Guatemala y Honduras, todos ellos signatarios de la Convenci\u00f3n sobre los Derechos del Ni\u00f1o\u2013 para que hagan todo lo que est\u00e9 a su alcance para proporcionar a los ni\u00f1os en sus propios pa\u00edses el apoyo, la atenci\u00f3n, la protecci\u00f3n, la educaci\u00f3n y las oportunidades de preparaci\u00f3n para la vida activa que necesitan con tanta urgencia.<\/p>\n<p>\u201cEn todas sus acciones en favor y en nombre de los ni\u00f1os, las autoridades deben guiarse por el esp\u00edritu y los principios de la Convenci\u00f3n sobre los Derechos del Ni\u00f1o y la Convenci\u00f3n sobre el Estatuto de los Refugiados. Por encima de todo, su responsabilidad es actuar teniendo en cuenta el inter\u00e9s superior del ni\u00f1o.\u201d<\/p>\n","protected":false},"excerpt":{"rendered":"<p>Nueva York.- \u201cUNICEF acoge con satisfacci\u00f3n la labor de socorro urgente llevada a cabo por el Gobierno de los Estados Unidos para hacer frente a un aumento sin precedentes en el n\u00famero de ni\u00f1as y ni\u00f1os no acompa\u00f1ados que tratan de entrar en los Estados Unidos, procedentes en su mayor\u00eda de Am\u00e9rica Central. \u201cSeg\u00fan los [&hellip;]<\/p>\n","protected":false},"author":1,"featured_media":32615,"comment_status":"open","ping_status":"open","sticky":false,"template":"","format":"standard","meta":{"om_disable_all_campaigns":false,"_monsterinsights_skip_tracking":false,"_monsterinsights_sitenote_active":false,"_monsterinsights_sitenote_note":"","_monsterinsights_sitenote_category":0,"footnotes":""},"categories":[16,3524],"tags":[],"class_list":["post-32614","post","type-post","status-publish","format-standard","has-post-thumbnail","hentry","category-migrante","category-noticas"],"aioseo_notices":[],"_links":{"self":[{"href":"https:\/\/elcronistadigital.com\/index.php?rest_route=\/wp\/v2\/posts\/32614","targetHints":{"allow":["GET"]}}],"collection":[{"href":"https:\/\/elcronistadigital.com\/index.php?rest_route=\/wp\/v2\/posts"}],"about":[{"href":"https:\/\/elcronistadigital.com\/index.php?rest_route=\/wp\/v2\/types\/post"}],"author":[{"embeddable":true,"href":"https:\/\/elcronistadigital.com\/index.php?rest_route=\/wp\/v2\/users\/1"}],"replies":[{"embeddable":true,"href":"https:\/\/elcronistadigital.com\/index.php?rest_route=%2Fwp%2Fv2%2Fcomments&post=32614"}],"version-history":[{"count":2,"href":"https:\/\/elcronistadigital.com\/index.php?rest_route=\/wp\/v2\/posts\/32614\/revisions"}],"predecessor-version":[{"id":32617,"href":"https:\/\/elcronistadigital.com\/index.php?rest_route=\/wp\/v2\/posts\/32614\/revisions\/32617"}],"wp:featuredmedia":[{"embeddable":true,"href":"https:\/\/elcronistadigital.com\/index.php?rest_route=\/wp\/v2\/media\/32615"}],"wp:attachment":[{"href":"https:\/\/elcronistadigital.com\/index.php?rest_route=%2Fwp%2Fv2%2Fmedia&parent=32614"}],"wp:term":[{"taxonomy":"category","embeddable":true,"href":"https:\/\/elcronistadigital.com\/index.php?rest_route=%2Fwp%2Fv2%2Fcategories&post=32614"},{"taxonomy":"post_tag","embeddable":true,"href":"https:\/\/elcronistadigital.com\/index.php?rest_route=%2Fwp%2Fv2%2Ftags&post=32614"}],"curies":[{"name":"wp","href":"https:\/\/api.w.org\/{rel}","templated":true}]}}