{"id":32621,"date":"2014-06-10T12:58:19","date_gmt":"2014-06-10T18:58:19","guid":{"rendered":"http:\/\/elcronistadigital.com\/?p=32621"},"modified":"2014-06-10T12:58:19","modified_gmt":"2014-06-10T18:58:19","slug":"a-la-venta-yate-en-que-paseo-daniel-ortega-en-la-rda","status":"publish","type":"post","link":"https:\/\/elcronistadigital.com\/?p=32621","title":{"rendered":"A la venta yate en que pase\u00f3 Daniel Ortega en la RDA"},"content":{"rendered":"<p><a href=\"https:\/\/elcronistadigital.com\/?attachment_id=32622\" rel=\"attachment wp-att-32622\"><img loading=\"lazy\" decoding=\"async\" class=\"alignleft size-medium wp-image-32622\" alt=\"A Kobis\" src=\"https:\/\/elcronistadigital.com\/wp-content\/uploads\/2014\/06\/A-Kobis-300x168.jpg\" width=\"300\" height=\"168\" srcset=\"https:\/\/elcronistadigital.com\/wp-content\/uploads\/2014\/06\/A-Kobis-300x168.jpg 300w, https:\/\/elcronistadigital.com\/wp-content\/uploads\/2014\/06\/A-Kobis-342x192.jpg 342w, https:\/\/elcronistadigital.com\/wp-content\/uploads\/2014\/06\/A-Kobis.jpg 849w\" sizes=\"auto, (max-width: 300px) 100vw, 300px\" \/><\/a>Berl\u00edn.- El yate de Estado de la extinta Rep\u00fablica Democr\u00e1tica Alemana (RDA), en el que su \u00faltimo mandatario, Erick Honecker, pase\u00f3 al l\u00edder nicarag\u00fcense Daniel Ortega, ha sido puesto a la venta por insolvencia de los astilleros que lo adquirieron tras la ca\u00edda del Muro de Berl\u00edn.<\/p>\n<p>El administrador en el proceso de insolvencia de P+S, en Stralsund (norte), ha sacado a la venta la embarcaci\u00f3n, conocida en sus tiempos como \u00abA. K\u00f6bis\u00bb y ahora rebautizada como \u00abVineta\u00bb, se\u00f1ala Efe.<\/p>\n<p>Se trata de un yate de 36 metros de eslora en el que el \u00faltimo jefe de Estado y del partido de la RDA recibi\u00f3 a algunos de sus invitados oficiales, incluido el presidente nicarag\u00fcense, en 1985, seg\u00fan recuerdan este martes diversos medios, como el popular diario \u00abBild\u00bb.<\/p>\n<p>La embarcaci\u00f3n fue puesta a disposici\u00f3n de la elite de la RDA en 1974, entonces bajo liderazgo de Walter Ulbricht, y estuvo a su servicio hasta pr\u00e1cticamente la disoluci\u00f3n de la Alemania comunista y Tratado de Unidad alemana, en octubre de 1990.<\/p>\n<p>El administrador de la insolvencia de ese astillero, Berthold Brinkmann, pide por la embarcaci\u00f3n 200.000 euros y, seg\u00fan declaraciones a \u00abBild\u00bb, asegura que sigue en perfecto estado.<\/p>\n<p>En su momento se consider\u00f3 un objeto de prestigio al servicio de la c\u00fapula germano-oriental y fue equipado con el lujo que se permit\u00eda su clase pol\u00edtica para agasajar a sus visitas de Estado, incluido un gran sal\u00f3n con capacidad para 50 personas.<\/p>\n<p>Sin embargo, a ojos actuales se considera algo obsoleto, tanto por la est\u00e9tica como por la t\u00e9cnica y materiales con que se construy\u00f3, a\u00f1ade ese medio.<\/p>\n<p>El yate, que recibi\u00f3 el nombre de Albin K\u00f6bis, un h\u00e9roe del comunismo alem\u00e1n, pas\u00f3 a manos privadas en 1994, tras la disoluci\u00f3n de la RDA y venta de la mayor\u00eda de los objetos y posesiones que pertenecieron al Estado.<\/p>\n<p>Se le cambi\u00f3 repetidamente el nombre, hasta acabar en el actual \u00abVineta\u00bb, con el que fue adquirido por los citados astilleros, ahora en proceso de desmantelamiento.<\/p>\n","protected":false},"excerpt":{"rendered":"<p>Berl\u00edn.- El yate de Estado de la extinta Rep\u00fablica Democr\u00e1tica Alemana (RDA), en el que su \u00faltimo mandatario, Erick Honecker, pase\u00f3 al l\u00edder nicarag\u00fcense Daniel Ortega, ha sido puesto a la venta por insolvencia de los astilleros que lo adquirieron tras la ca\u00edda del Muro de Berl\u00edn. El administrador en el proceso de insolvencia de [&hellip;]<\/p>\n","protected":false},"author":1,"featured_media":32622,"comment_status":"open","ping_status":"open","sticky":false,"template":"","format":"standard","meta":{"om_disable_all_campaigns":false,"_monsterinsights_skip_tracking":false,"_monsterinsights_sitenote_active":false,"_monsterinsights_sitenote_note":"","_monsterinsights_sitenote_category":0,"footnotes":""},"categories":[3524,13],"tags":[],"class_list":["post-32621","post","type-post","status-publish","format-standard","has-post-thumbnail","hentry","category-noticas","category-portada"],"aioseo_notices":[],"_links":{"self":[{"href":"https:\/\/elcronistadigital.com\/index.php?rest_route=\/wp\/v2\/posts\/32621","targetHints":{"allow":["GET"]}}],"collection":[{"href":"https:\/\/elcronistadigital.com\/index.php?rest_route=\/wp\/v2\/posts"}],"about":[{"href":"https:\/\/elcronistadigital.com\/index.php?rest_route=\/wp\/v2\/types\/post"}],"author":[{"embeddable":true,"href":"https:\/\/elcronistadigital.com\/index.php?rest_route=\/wp\/v2\/users\/1"}],"replies":[{"embeddable":true,"href":"https:\/\/elcronistadigital.com\/index.php?rest_route=%2Fwp%2Fv2%2Fcomments&post=32621"}],"version-history":[{"count":1,"href":"https:\/\/elcronistadigital.com\/index.php?rest_route=\/wp\/v2\/posts\/32621\/revisions"}],"predecessor-version":[{"id":32623,"href":"https:\/\/elcronistadigital.com\/index.php?rest_route=\/wp\/v2\/posts\/32621\/revisions\/32623"}],"wp:featuredmedia":[{"embeddable":true,"href":"https:\/\/elcronistadigital.com\/index.php?rest_route=\/wp\/v2\/media\/32622"}],"wp:attachment":[{"href":"https:\/\/elcronistadigital.com\/index.php?rest_route=%2Fwp%2Fv2%2Fmedia&parent=32621"}],"wp:term":[{"taxonomy":"category","embeddable":true,"href":"https:\/\/elcronistadigital.com\/index.php?rest_route=%2Fwp%2Fv2%2Fcategories&post=32621"},{"taxonomy":"post_tag","embeddable":true,"href":"https:\/\/elcronistadigital.com\/index.php?rest_route=%2Fwp%2Fv2%2Ftags&post=32621"}],"curies":[{"name":"wp","href":"https:\/\/api.w.org\/{rel}","templated":true}]}}