{"id":32624,"date":"2014-06-10T16:21:18","date_gmt":"2014-06-10T22:21:18","guid":{"rendered":"http:\/\/elcronistadigital.com\/?p=32624"},"modified":"2014-06-10T16:21:18","modified_gmt":"2014-06-10T22:21:18","slug":"hijo-de-comisionado-entre-sospechosos-por-flechazos-a-perros","status":"publish","type":"post","link":"https:\/\/elcronistadigital.com\/?p=32624","title":{"rendered":"Hijo de comisionado entre sospechosos por flechazos a perros"},"content":{"rendered":"<div id=\"attachment_32625\" style=\"width: 210px\" class=\"wp-caption alignleft\"><a href=\"https:\/\/elcronistadigital.com\/?attachment_id=32625\" rel=\"attachment wp-att-32625\"><img loading=\"lazy\" decoding=\"async\" aria-describedby=\"caption-attachment-32625\" class=\"size-full wp-image-32625\" alt=\"Comisionado general Ram\u00f3n Avell\u00e1n.\" src=\"https:\/\/elcronistadigital.com\/wp-content\/uploads\/2014\/06\/ramon-avellan.jpg\" width=\"200\" height=\"246\" \/><\/a><p id=\"caption-attachment-32625\" class=\"wp-caption-text\">Comisionado general Ram\u00f3n Avell\u00e1n.<\/p><\/div>\n<p>El segundo jefe de la Polic\u00eda Nacional (PN) de Nicaragua, comisionado general Ram\u00f3n Avell\u00e1n, confirm\u00f3 que seis personas, entre ellas el hijo de un comisionado mayor en retiro, est\u00e1n sujetas a una investigaci\u00f3n por la muerte de perros por flechas disparadas con ballestas, un fen\u00f3meno creciente en las \u00faltimas semanas.<\/p>\n<p>El presidente de la Fundaci\u00f3n \u00abAmarte\u00bb, Dr. Enrique Rimbaud, hizo este martes un llamado a la PN para que sancione a los responsables del maltrato y muerte de perros en el pa\u00eds, seg\u00fan consigna la agencia Xinhua.<\/p>\n<p>Defensores de los animales se congregaron en la sede de la PN para entregar una carta a las autoridades policiales, en la que exigen sanciones a los autores del maltrato a perros en marzo y abril \u00faltimos.<\/p>\n<p>Rimbaud dijo que al menos 11 perros fueron atacados y \u00abocho de esos perros murieron a flechazos\u00bb.<\/p>\n<p>A\u00f1adi\u00f3 que \u00abal menos dos animales son maltratados en el pa\u00eds cada d\u00eda, lo cual es un ritmo considerado preocupante\u00bb.<\/p>\n<p>En marzo y abril pasados, al menos ocho perros murieron atravesados por flechas lanzadas desde ballestas en un sector al oeste de Managua, de acuerdo con un informe policial.<\/p>\n<p>Avell\u00e1n, comisionado general de la PN, confirm\u00f3 que seis personas est\u00e1n bajo investigaci\u00f3n por la muerte de perros.<\/p>\n<p>\u00abNinguna de esas personas puede ser considerada culpable, porque las investigaciones contin\u00faan\u00bb, subray\u00f3 Avell\u00e1n.<\/p>\n<p>La lista presentada por la PN ante la prensa menciona al hijo del comisionado mayor en retiro Carlos Benda\u00f1a como sospechoso del ataque contra perros.<\/p>\n","protected":false},"excerpt":{"rendered":"<p>El segundo jefe de la Polic\u00eda Nacional (PN) de Nicaragua, comisionado general Ram\u00f3n Avell\u00e1n, confirm\u00f3 que seis personas, entre ellas el hijo de un comisionado mayor en retiro, est\u00e1n sujetas a una investigaci\u00f3n por la muerte de perros por flechas disparadas con ballestas, un fen\u00f3meno creciente en las \u00faltimas semanas. El presidente de la Fundaci\u00f3n [&hellip;]<\/p>\n","protected":false},"author":1,"featured_media":32625,"comment_status":"open","ping_status":"open","sticky":false,"template":"","format":"standard","meta":{"om_disable_all_campaigns":false,"_monsterinsights_skip_tracking":false,"_monsterinsights_sitenote_active":false,"_monsterinsights_sitenote_note":"","_monsterinsights_sitenote_category":0,"footnotes":""},"categories":[3524],"tags":[],"class_list":["post-32624","post","type-post","status-publish","format-standard","has-post-thumbnail","hentry","category-noticas"],"aioseo_notices":[],"_links":{"self":[{"href":"https:\/\/elcronistadigital.com\/index.php?rest_route=\/wp\/v2\/posts\/32624","targetHints":{"allow":["GET"]}}],"collection":[{"href":"https:\/\/elcronistadigital.com\/index.php?rest_route=\/wp\/v2\/posts"}],"about":[{"href":"https:\/\/elcronistadigital.com\/index.php?rest_route=\/wp\/v2\/types\/post"}],"author":[{"embeddable":true,"href":"https:\/\/elcronistadigital.com\/index.php?rest_route=\/wp\/v2\/users\/1"}],"replies":[{"embeddable":true,"href":"https:\/\/elcronistadigital.com\/index.php?rest_route=%2Fwp%2Fv2%2Fcomments&post=32624"}],"version-history":[{"count":1,"href":"https:\/\/elcronistadigital.com\/index.php?rest_route=\/wp\/v2\/posts\/32624\/revisions"}],"predecessor-version":[{"id":32626,"href":"https:\/\/elcronistadigital.com\/index.php?rest_route=\/wp\/v2\/posts\/32624\/revisions\/32626"}],"wp:featuredmedia":[{"embeddable":true,"href":"https:\/\/elcronistadigital.com\/index.php?rest_route=\/wp\/v2\/media\/32625"}],"wp:attachment":[{"href":"https:\/\/elcronistadigital.com\/index.php?rest_route=%2Fwp%2Fv2%2Fmedia&parent=32624"}],"wp:term":[{"taxonomy":"category","embeddable":true,"href":"https:\/\/elcronistadigital.com\/index.php?rest_route=%2Fwp%2Fv2%2Fcategories&post=32624"},{"taxonomy":"post_tag","embeddable":true,"href":"https:\/\/elcronistadigital.com\/index.php?rest_route=%2Fwp%2Fv2%2Ftags&post=32624"}],"curies":[{"name":"wp","href":"https:\/\/api.w.org\/{rel}","templated":true}]}}