{"id":32631,"date":"2014-06-10T16:47:02","date_gmt":"2014-06-10T22:47:02","guid":{"rendered":"http:\/\/elcronistadigital.com\/?p=32631"},"modified":"2014-06-10T16:47:02","modified_gmt":"2014-06-10T22:47:02","slug":"nicaragua-el-que-menos-importo-en-2013","status":"publish","type":"post","link":"https:\/\/elcronistadigital.com\/?p=32631","title":{"rendered":"Nicaragua el que menos import\u00f3 en 2013"},"content":{"rendered":"<p><a href=\"https:\/\/elcronistadigital.com\/?attachment_id=32632\" rel=\"attachment wp-att-32632\"><img loading=\"lazy\" decoding=\"async\" class=\"alignleft size-medium wp-image-32632\" alt=\"pollo1\" src=\"https:\/\/elcronistadigital.com\/wp-content\/uploads\/2014\/06\/pollo1-300x181.jpg\" width=\"300\" height=\"181\" srcset=\"https:\/\/elcronistadigital.com\/wp-content\/uploads\/2014\/06\/pollo1-300x181.jpg 300w, https:\/\/elcronistadigital.com\/wp-content\/uploads\/2014\/06\/pollo1-342x206.jpg 342w, https:\/\/elcronistadigital.com\/wp-content\/uploads\/2014\/06\/pollo1.jpg 500w\" sizes=\"auto, (max-width: 300px) 100vw, 300px\" \/><\/a>Las exportaciones centroamericanas cayeron un 1,7 % y las importaciones aumentaron un 1,24 % en el 2013, en comparaci\u00f3n con el a\u00f1o anterior, inform\u00f3 este martes la Secretar\u00eda de Integraci\u00f3n Econ\u00f3mica Centroamericana (Sieca).<\/p>\n<p>El a\u00f1o pasado, Centroam\u00e9rica export\u00f3 bienes y servicios por un total de 29.909,5 millones de d\u00f3lares, un 1,7 % menos que los 30.432,5 millones de d\u00f3lares del a\u00f1o anterior, se\u00f1ala un informe enviado este martes a Efe por la instituci\u00f3n regional, que tiene su sede en Guatemala.<\/p>\n<p>Del total de ventas al exterior en 2013, unos 21.323,4 millones de d\u00f3lares correspondieron a exportaciones extrarregionales y 8.586,2 millones de d\u00f3lares intrarregionales.<\/p>\n<p>El pa\u00eds que m\u00e1s vendi\u00f3 bienes y servicios fue Costa Rica, con 11.354,2 millones de d\u00f3lares; seguido de Guatemala, con 6.973 millones de d\u00f3lares, mientras que el que menos export\u00f3 fue Panam\u00e1, con 843,9 millones de d\u00f3lares.<\/p>\n<p>Por su parte, las importaciones tuvieron un crecimiento de 1,24 % al pasar de 69.480,2 millones de d\u00f3lares en 2012 a 70.343,9 millones de d\u00f3lares en 2013, se\u00f1ala la Sieca.<\/p>\n<p>La mayor parte de las importaciones (60.670 millones de d\u00f3lares) fueron extrarregionales y el resto (9.673,9 millones de d\u00f3lares) intrarregionales.<\/p>\n<p>Seg\u00fan el documento, el mayor importador de la regi\u00f3n fue Costa Rica, con 17.531,1 millones de d\u00f3lares; seguido de Guatemala, con 15.048,5 millones, y el que menos compr\u00f3 al exterior fue Nicaragua, con 5.492,2 millones de d\u00f3lares.<\/p>\n","protected":false},"excerpt":{"rendered":"<p>Las exportaciones centroamericanas cayeron un 1,7 % y las importaciones aumentaron un 1,24 % en el 2013, en comparaci\u00f3n con el a\u00f1o anterior, inform\u00f3 este martes la Secretar\u00eda de Integraci\u00f3n Econ\u00f3mica Centroamericana (Sieca). El a\u00f1o pasado, Centroam\u00e9rica export\u00f3 bienes y servicios por un total de 29.909,5 millones de d\u00f3lares, un 1,7 % menos que los [&hellip;]<\/p>\n","protected":false},"author":1,"featured_media":32632,"comment_status":"open","ping_status":"open","sticky":false,"template":"","format":"standard","meta":{"om_disable_all_campaigns":false,"_monsterinsights_skip_tracking":false,"_monsterinsights_sitenote_active":false,"_monsterinsights_sitenote_note":"","_monsterinsights_sitenote_category":0,"footnotes":""},"categories":[3,4],"tags":[],"class_list":["post-32631","post","type-post","status-publish","format-standard","has-post-thumbnail","hentry","category-nacionales","category-economia"],"aioseo_notices":[],"_links":{"self":[{"href":"https:\/\/elcronistadigital.com\/index.php?rest_route=\/wp\/v2\/posts\/32631","targetHints":{"allow":["GET"]}}],"collection":[{"href":"https:\/\/elcronistadigital.com\/index.php?rest_route=\/wp\/v2\/posts"}],"about":[{"href":"https:\/\/elcronistadigital.com\/index.php?rest_route=\/wp\/v2\/types\/post"}],"author":[{"embeddable":true,"href":"https:\/\/elcronistadigital.com\/index.php?rest_route=\/wp\/v2\/users\/1"}],"replies":[{"embeddable":true,"href":"https:\/\/elcronistadigital.com\/index.php?rest_route=%2Fwp%2Fv2%2Fcomments&post=32631"}],"version-history":[{"count":1,"href":"https:\/\/elcronistadigital.com\/index.php?rest_route=\/wp\/v2\/posts\/32631\/revisions"}],"predecessor-version":[{"id":32633,"href":"https:\/\/elcronistadigital.com\/index.php?rest_route=\/wp\/v2\/posts\/32631\/revisions\/32633"}],"wp:featuredmedia":[{"embeddable":true,"href":"https:\/\/elcronistadigital.com\/index.php?rest_route=\/wp\/v2\/media\/32632"}],"wp:attachment":[{"href":"https:\/\/elcronistadigital.com\/index.php?rest_route=%2Fwp%2Fv2%2Fmedia&parent=32631"}],"wp:term":[{"taxonomy":"category","embeddable":true,"href":"https:\/\/elcronistadigital.com\/index.php?rest_route=%2Fwp%2Fv2%2Fcategories&post=32631"},{"taxonomy":"post_tag","embeddable":true,"href":"https:\/\/elcronistadigital.com\/index.php?rest_route=%2Fwp%2Fv2%2Ftags&post=32631"}],"curies":[{"name":"wp","href":"https:\/\/api.w.org\/{rel}","templated":true}]}}