{"id":32634,"date":"2014-06-10T17:02:35","date_gmt":"2014-06-10T23:02:35","guid":{"rendered":"http:\/\/elcronistadigital.com\/?p=32634"},"modified":"2014-06-10T17:04:22","modified_gmt":"2014-06-10T23:04:22","slug":"padre-que-abusaba-a-hija-la-decapito-por-celos","status":"publish","type":"post","link":"https:\/\/elcronistadigital.com\/?p=32634","title":{"rendered":"Padre que abusaba a hija la decapit\u00f3 por celos"},"content":{"rendered":"<p><a href=\"https:\/\/elcronistadigital.com\/?attachment_id=32635\" rel=\"attachment wp-att-32635\"><img loading=\"lazy\" decoding=\"async\" class=\"alignleft size-medium wp-image-32635\" alt=\"padre violador\" src=\"https:\/\/elcronistadigital.com\/wp-content\/uploads\/2014\/06\/padre-violador-300x193.jpg\" width=\"300\" height=\"193\" srcset=\"https:\/\/elcronistadigital.com\/wp-content\/uploads\/2014\/06\/padre-violador-300x193.jpg 300w, https:\/\/elcronistadigital.com\/wp-content\/uploads\/2014\/06\/padre-violador-342x220.jpg 342w, https:\/\/elcronistadigital.com\/wp-content\/uploads\/2014\/06\/padre-violador.jpg 650w\" sizes=\"auto, (max-width: 300px) 100vw, 300px\" \/><\/a>Un padre que abusaba de su hija de 14 a\u00f1os, la decapit\u00f3 luego de que la adolescente huyera con su novio en la localidad de Akawasito, en el Caribe norte, seg\u00fan inform\u00f3 la Polic\u00eda este martes.<\/p>\n<p>El comisionado Yuri Valle, jefe policial en la regi\u00f3n del Caribe norte, identific\u00f3 a la joven v\u00edctima como Jesenia Soza, de 14 a\u00f1os.<\/p>\n<p>Un informe de la PN divulgado en la p\u00e1gina digital del peri\u00f3dico El Nuevo Diario atribuy\u00f3 el hecho a los celos del padre de la adolescente.<\/p>\n<p>El incidente se registr\u00f3 el s\u00e1bado pasado en la zona rural de la comunidad Akawasito, a 90 kil\u00f3metros al sur de Puerto Cabezas, a 557 kil\u00f3metros al oeste de Managua.<\/p>\n<p>Valle dijo que el padre de la joven, identificado como Arsenio Soza, de 47 a\u00f1os, la asesin\u00f3 porque la chica se hab\u00eda \u00abido\u00bb con su novio.<\/p>\n<p>El jefe policial dijo que el padre de la joven fue por ella a la casa del novio y luego la asesin\u00f3.<\/p>\n<p>A su vez, el comisionado de la PN en la regi\u00f3n del Caribe norte, Bayardo S\u00e1nchez, dijo que seg\u00fan denuncias de la madre de la v\u00edctima, el padre abusaba de la joven.<\/p>\n","protected":false},"excerpt":{"rendered":"<p>Un padre que abusaba de su hija de 14 a\u00f1os, la decapit\u00f3 luego de que la adolescente huyera con su novio en la localidad de Akawasito, en el Caribe norte, seg\u00fan inform\u00f3 la Polic\u00eda este martes. El comisionado Yuri Valle, jefe policial en la regi\u00f3n del Caribe norte, identific\u00f3 a la joven v\u00edctima como Jesenia [&hellip;]<\/p>\n","protected":false},"author":1,"featured_media":32635,"comment_status":"open","ping_status":"open","sticky":false,"template":"","format":"standard","meta":{"om_disable_all_campaigns":false,"_monsterinsights_skip_tracking":false,"_monsterinsights_sitenote_active":false,"_monsterinsights_sitenote_note":"","_monsterinsights_sitenote_category":0,"footnotes":""},"categories":[3],"tags":[],"class_list":["post-32634","post","type-post","status-publish","format-standard","has-post-thumbnail","hentry","category-nacionales"],"aioseo_notices":[],"_links":{"self":[{"href":"https:\/\/elcronistadigital.com\/index.php?rest_route=\/wp\/v2\/posts\/32634","targetHints":{"allow":["GET"]}}],"collection":[{"href":"https:\/\/elcronistadigital.com\/index.php?rest_route=\/wp\/v2\/posts"}],"about":[{"href":"https:\/\/elcronistadigital.com\/index.php?rest_route=\/wp\/v2\/types\/post"}],"author":[{"embeddable":true,"href":"https:\/\/elcronistadigital.com\/index.php?rest_route=\/wp\/v2\/users\/1"}],"replies":[{"embeddable":true,"href":"https:\/\/elcronistadigital.com\/index.php?rest_route=%2Fwp%2Fv2%2Fcomments&post=32634"}],"version-history":[{"count":4,"href":"https:\/\/elcronistadigital.com\/index.php?rest_route=\/wp\/v2\/posts\/32634\/revisions"}],"predecessor-version":[{"id":32639,"href":"https:\/\/elcronistadigital.com\/index.php?rest_route=\/wp\/v2\/posts\/32634\/revisions\/32639"}],"wp:featuredmedia":[{"embeddable":true,"href":"https:\/\/elcronistadigital.com\/index.php?rest_route=\/wp\/v2\/media\/32635"}],"wp:attachment":[{"href":"https:\/\/elcronistadigital.com\/index.php?rest_route=%2Fwp%2Fv2%2Fmedia&parent=32634"}],"wp:term":[{"taxonomy":"category","embeddable":true,"href":"https:\/\/elcronistadigital.com\/index.php?rest_route=%2Fwp%2Fv2%2Fcategories&post=32634"},{"taxonomy":"post_tag","embeddable":true,"href":"https:\/\/elcronistadigital.com\/index.php?rest_route=%2Fwp%2Fv2%2Ftags&post=32634"}],"curies":[{"name":"wp","href":"https:\/\/api.w.org\/{rel}","templated":true}]}}