{"id":32643,"date":"2014-06-10T17:30:30","date_gmt":"2014-06-10T23:30:30","guid":{"rendered":"http:\/\/elcronistadigital.com\/?p=32643"},"modified":"2014-06-10T17:30:30","modified_gmt":"2014-06-10T23:30:30","slug":"exhuman-restos-del-dr-velez-paiz","status":"publish","type":"post","link":"https:\/\/elcronistadigital.com\/?p=32643","title":{"rendered":"Exhuman restos del Dr. V\u00e9lez Paiz"},"content":{"rendered":"<p><a href=\"https:\/\/elcronistadigital.com\/?attachment_id=32644\" rel=\"attachment wp-att-32644\"><img loading=\"lazy\" decoding=\"async\" class=\"alignleft size-medium wp-image-32644\" alt=\"V\u00e9lez Paiz\" src=\"https:\/\/elcronistadigital.com\/wp-content\/uploads\/2014\/06\/V\u00e9lez-Paiz-300x225.jpg\" width=\"300\" height=\"225\" srcset=\"https:\/\/elcronistadigital.com\/wp-content\/uploads\/2014\/06\/V\u00e9lez-Paiz-300x225.jpg 300w, https:\/\/elcronistadigital.com\/wp-content\/uploads\/2014\/06\/V\u00e9lez-Paiz-342x256.jpg 342w, https:\/\/elcronistadigital.com\/wp-content\/uploads\/2014\/06\/V\u00e9lez-Paiz-60x45.jpg 60w, https:\/\/elcronistadigital.com\/wp-content\/uploads\/2014\/06\/V\u00e9lez-Paiz-150x113.jpg 150w, https:\/\/elcronistadigital.com\/wp-content\/uploads\/2014\/06\/V\u00e9lez-Paiz-269x201.jpg 269w, https:\/\/elcronistadigital.com\/wp-content\/uploads\/2014\/06\/V\u00e9lez-Paiz.jpg 629w\" sizes=\"auto, (max-width: 300px) 100vw, 300px\" \/><\/a>En una ceremonia que cont\u00f3 con la participaci\u00f3n del viceministro de Salud, licenciado Napole\u00f3n Ortega, la directora del SILAIS \u2013 Managua, doctora Maritza Cuan, personal m\u00e9dico del Hospital V\u00e9lez Paiz y familiares, fueron exhumados este martes los restos del doctor Fernando V\u00e9lez Paiz, m\u00e9dico eminente que prest\u00f3 importantes servicios en el ramo de la medicina y en especial en la defensa en contra del c\u00e1ncer en Nicaragua.<\/p>\n<p>Los restos del doctor Fernando V\u00e9lez Paiz, que hab\u00edan sido depositados en una cripta en el Hospital Fernando V\u00e9lez Paiz, de esta capital, fueron trasladados al Cementerio General de Managua, debido a que ese centro hospitalario ser\u00e1 demolido por los da\u00f1os sufridos a causa del terremoto del 10 de abril de este a\u00f1o.<\/p>\n<p>Durante la ceremonia, las autoridades del Minsa, el personal del hospital V\u00e9lez Paiz y familiares, le rindieron tributo y destacaron su trayectoria y su importante aporte al servicio de la humanidad en el ramo de la ciencia m\u00e9dica.<\/p>\n<p>Uno de sus familiares, el ingeniero Alfredo V\u00e9lez Lacayo, destac\u00f3 que el doctor Fernando V\u00e9lez Paiz, que falleci\u00f3 el 3 de mayo de 1957 a los 52 a\u00f1os de edad, era una persona dedicada a la investigaci\u00f3n y que consagr\u00f3 sus servicios m\u00e9dicos a la lucha contra el c\u00e1ncer.<\/p>\n<p>En un homenaje m\u00e1s a la trayectoria del Doctor V\u00e9lez Paiz y para preservar su legado vigente en los corazones de los nicarag\u00fcenses, el Gobierno determin\u00f3 que el nuevo Hospital Occidental de Managua llevar\u00e1 por nombre Fernando V\u00e9lez Paiz. La construcci\u00f3n de este nuevo hospital est\u00e1 prevista para 2016, y tendr\u00e1 una inversi\u00f3n de 65.5 millones de d\u00f3lares.<\/p>\n<p>Sobre Fernando V\u00e9lez Paiz<\/p>\n<p>Naci\u00f3 en Managua el 23 de febrero de 1905 y su dedicaci\u00f3n a la medicina hizo posible la construcci\u00f3n del hospital que hoy lleva su nombre.<\/p>\n<p>Se bachiller\u00f3 en el Instituto Pedag\u00f3gico La Salle de Managua en 1921 y por ser un alumno aventajado fue favorecido con una beca para hacer estudios de Medicina y Posgrado en el Hospital de Paris, Francia.<\/p>\n<p>Luego de estudiar y trabajar en Par\u00eds, el doctor V\u00e9lez Paiz regres\u00f3 a Nicaragua con la idea de crear un instituto de estudios contra el c\u00e1ncer. Trabaj\u00f3 en la construcci\u00f3n del hospital, pero no pudo concluirla porque muri\u00f3 el 3 de mayo de 1957 victima de insuficiencia card\u00edaca.<\/p>\n","protected":false},"excerpt":{"rendered":"<p>En una ceremonia que cont\u00f3 con la participaci\u00f3n del viceministro de Salud, licenciado Napole\u00f3n Ortega, la directora del SILAIS \u2013 Managua, doctora Maritza Cuan, personal m\u00e9dico del Hospital V\u00e9lez Paiz y familiares, fueron exhumados este martes los restos del doctor Fernando V\u00e9lez Paiz, m\u00e9dico eminente que prest\u00f3 importantes servicios en el ramo de la medicina [&hellip;]<\/p>\n","protected":false},"author":1,"featured_media":32644,"comment_status":"open","ping_status":"open","sticky":false,"template":"","format":"standard","meta":{"om_disable_all_campaigns":false,"_monsterinsights_skip_tracking":false,"_monsterinsights_sitenote_active":false,"_monsterinsights_sitenote_note":"","_monsterinsights_sitenote_category":0,"footnotes":""},"categories":[3],"tags":[],"class_list":["post-32643","post","type-post","status-publish","format-standard","has-post-thumbnail","hentry","category-nacionales"],"aioseo_notices":[],"_links":{"self":[{"href":"https:\/\/elcronistadigital.com\/index.php?rest_route=\/wp\/v2\/posts\/32643","targetHints":{"allow":["GET"]}}],"collection":[{"href":"https:\/\/elcronistadigital.com\/index.php?rest_route=\/wp\/v2\/posts"}],"about":[{"href":"https:\/\/elcronistadigital.com\/index.php?rest_route=\/wp\/v2\/types\/post"}],"author":[{"embeddable":true,"href":"https:\/\/elcronistadigital.com\/index.php?rest_route=\/wp\/v2\/users\/1"}],"replies":[{"embeddable":true,"href":"https:\/\/elcronistadigital.com\/index.php?rest_route=%2Fwp%2Fv2%2Fcomments&post=32643"}],"version-history":[{"count":1,"href":"https:\/\/elcronistadigital.com\/index.php?rest_route=\/wp\/v2\/posts\/32643\/revisions"}],"predecessor-version":[{"id":32645,"href":"https:\/\/elcronistadigital.com\/index.php?rest_route=\/wp\/v2\/posts\/32643\/revisions\/32645"}],"wp:featuredmedia":[{"embeddable":true,"href":"https:\/\/elcronistadigital.com\/index.php?rest_route=\/wp\/v2\/media\/32644"}],"wp:attachment":[{"href":"https:\/\/elcronistadigital.com\/index.php?rest_route=%2Fwp%2Fv2%2Fmedia&parent=32643"}],"wp:term":[{"taxonomy":"category","embeddable":true,"href":"https:\/\/elcronistadigital.com\/index.php?rest_route=%2Fwp%2Fv2%2Fcategories&post=32643"},{"taxonomy":"post_tag","embeddable":true,"href":"https:\/\/elcronistadigital.com\/index.php?rest_route=%2Fwp%2Fv2%2Ftags&post=32643"}],"curies":[{"name":"wp","href":"https:\/\/api.w.org\/{rel}","templated":true}]}}