{"id":32667,"date":"2014-06-12T06:59:49","date_gmt":"2014-06-12T12:59:49","guid":{"rendered":"http:\/\/elcronistadigital.com\/?p=32667"},"modified":"2014-06-12T06:59:49","modified_gmt":"2014-06-12T12:59:49","slug":"piden-que-estado-asuma-clinicas-previsionales","status":"publish","type":"post","link":"https:\/\/elcronistadigital.com\/?p=32667","title":{"rendered":"Piden que Estado asuma cl\u00ednicas previsionales"},"content":{"rendered":"<p><a href=\"https:\/\/elcronistadigital.com\/?attachment_id=32668\" rel=\"attachment wp-att-32668\"><img loading=\"lazy\" decoding=\"async\" class=\"alignleft size-medium wp-image-32668\" alt=\"previsional\" src=\"https:\/\/elcronistadigital.com\/wp-content\/uploads\/2014\/06\/previsional-300x205.jpg\" width=\"300\" height=\"205\" srcset=\"https:\/\/elcronistadigital.com\/wp-content\/uploads\/2014\/06\/previsional-300x205.jpg 300w, https:\/\/elcronistadigital.com\/wp-content\/uploads\/2014\/06\/previsional-342x234.jpg 342w, https:\/\/elcronistadigital.com\/wp-content\/uploads\/2014\/06\/previsional.jpg 350w\" sizes=\"auto, (max-width: 300px) 100vw, 300px\" \/><\/a>Fallecimientos de pacientes por presuntas negligencias m\u00e9dicas y mala atenci\u00f3n por parte de las Cl\u00ednicas M\u00e9dicas Previsionales, ser\u00edan las razones para que dos grupos sindicales demandaran el mi\u00e9rcoles que el Estado asuma el control de las mismas.<\/p>\n<p>Las previsionales surgieron en 1993, cuando el gobierno de do\u00f1a Violeta Barrios de Chamorro desmantel\u00f3 la estructura sanitaria heredada de los a\u00f1os 80 del siglo pasado, conocida como Sistema Nacional \u00danico de Salud.<\/p>\n<p>Dirigentes sindicales de Nicaragua demandaron el mi\u00e9rcoles que el Estado asuma el control de las cl\u00ednicas m\u00e9dicas previsionales, en las cuales se ofrecen servicios m\u00e9dicos a pensionados y trabajadores afiliados al Instituto Nicarag\u00fcense de Seguridad Social (INSS).<br \/>\nDirigentes de la Central Sandinista de Trabajadores (CST) y de la Coordinadora Sindical de Nicaragua (CSN), citados por Xinhua, se\u00f1alaron que la privatizaci\u00f3n de la salud promovida por gobiernos liberales en la d\u00e9cada de los 90 del siglo XX es \u00abinoperante e ineficiente\u00bb.<\/p>\n<p>El secretario general de la CST, Roberto Gonz\u00e1lez, dijo que existen numerosas denuncias de fallecimientos de pacientes por presuntas negligencias m\u00e9dicas y mala atenci\u00f3n que ofrecen las cl\u00ednicas m\u00e9dicas previsionales a los pensionados, empleados p\u00fablicos y trabajadores en general adscritos al INSS.<\/p>\n<p>Gonz\u00e1lez asegur\u00f3 que cada mes el Estado, a trav\u00e9s del INSS, destina m\u00e1s de cuatro millones de d\u00f3lares para la atenci\u00f3n de m\u00e1s de 700.000 trabajadores afiliados al INSS, quienes no reciben la atenci\u00f3n ni la medicaci\u00f3n adecuada por parte de estas cl\u00ednicas previsionales que venden sus servicios al INSS.<\/p>\n<p>El procurador general para la Defensa de los Derechos Humanos, Omar Cabezas, denunci\u00f3 la muerte de una joven m\u00e9dico presuntamente por negligencia m\u00e9dica cometida en una cl\u00ednica privada que oferta servicios en Managua.<\/p>\n<p>Cabezas, quien pidi\u00f3 al gobierno mayor control de dichos centros de salud, asegur\u00f3 que la calidad del servicio en las cl\u00ednicas previsionales de salud es baja, debido a que en ellas prevalece \u00ab\u00fanicamente el sentido de la ganancia econ\u00f3mica\u00bb.<\/p>\n","protected":false},"excerpt":{"rendered":"<p>Fallecimientos de pacientes por presuntas negligencias m\u00e9dicas y mala atenci\u00f3n por parte de las Cl\u00ednicas M\u00e9dicas Previsionales, ser\u00edan las razones para que dos grupos sindicales demandaran el mi\u00e9rcoles que el Estado asuma el control de las mismas. Las previsionales surgieron en 1993, cuando el gobierno de do\u00f1a Violeta Barrios de Chamorro desmantel\u00f3 la estructura sanitaria [&hellip;]<\/p>\n","protected":false},"author":1,"featured_media":32668,"comment_status":"open","ping_status":"open","sticky":false,"template":"","format":"standard","meta":{"om_disable_all_campaigns":false,"_monsterinsights_skip_tracking":false,"_monsterinsights_sitenote_active":false,"_monsterinsights_sitenote_note":"","_monsterinsights_sitenote_category":0,"footnotes":""},"categories":[7,3524],"tags":[],"class_list":["post-32667","post","type-post","status-publish","format-standard","has-post-thumbnail","hentry","category-salud-y-belleza","category-noticas"],"aioseo_notices":[],"_links":{"self":[{"href":"https:\/\/elcronistadigital.com\/index.php?rest_route=\/wp\/v2\/posts\/32667","targetHints":{"allow":["GET"]}}],"collection":[{"href":"https:\/\/elcronistadigital.com\/index.php?rest_route=\/wp\/v2\/posts"}],"about":[{"href":"https:\/\/elcronistadigital.com\/index.php?rest_route=\/wp\/v2\/types\/post"}],"author":[{"embeddable":true,"href":"https:\/\/elcronistadigital.com\/index.php?rest_route=\/wp\/v2\/users\/1"}],"replies":[{"embeddable":true,"href":"https:\/\/elcronistadigital.com\/index.php?rest_route=%2Fwp%2Fv2%2Fcomments&post=32667"}],"version-history":[{"count":1,"href":"https:\/\/elcronistadigital.com\/index.php?rest_route=\/wp\/v2\/posts\/32667\/revisions"}],"predecessor-version":[{"id":32669,"href":"https:\/\/elcronistadigital.com\/index.php?rest_route=\/wp\/v2\/posts\/32667\/revisions\/32669"}],"wp:featuredmedia":[{"embeddable":true,"href":"https:\/\/elcronistadigital.com\/index.php?rest_route=\/wp\/v2\/media\/32668"}],"wp:attachment":[{"href":"https:\/\/elcronistadigital.com\/index.php?rest_route=%2Fwp%2Fv2%2Fmedia&parent=32667"}],"wp:term":[{"taxonomy":"category","embeddable":true,"href":"https:\/\/elcronistadigital.com\/index.php?rest_route=%2Fwp%2Fv2%2Fcategories&post=32667"},{"taxonomy":"post_tag","embeddable":true,"href":"https:\/\/elcronistadigital.com\/index.php?rest_route=%2Fwp%2Fv2%2Ftags&post=32667"}],"curies":[{"name":"wp","href":"https:\/\/api.w.org\/{rel}","templated":true}]}}