{"id":32674,"date":"2014-06-12T07:39:09","date_gmt":"2014-06-12T13:39:09","guid":{"rendered":"http:\/\/elcronistadigital.com\/?p=32674"},"modified":"2014-06-12T07:39:09","modified_gmt":"2014-06-12T13:39:09","slug":"14907-ninos-migrantes-devueltos-de-mexico-a-centroamerica","status":"publish","type":"post","link":"https:\/\/elcronistadigital.com\/?p=32674","title":{"rendered":"14,907 ni\u00f1os migrantes devueltos de M\u00e9xico a Centroam\u00e9rica"},"content":{"rendered":"<p><a href=\"https:\/\/elcronistadigital.com\/?attachment_id=32675\" rel=\"attachment wp-att-32675\"><img loading=\"lazy\" decoding=\"async\" class=\"alignleft size-full wp-image-32675\" alt=\"ni\u00f1os migra1\" src=\"https:\/\/elcronistadigital.com\/wp-content\/uploads\/2014\/06\/ni\u00f1os-migra1.jpg\" width=\"283\" height=\"178\" \/><\/a>Un total de 14,907 ni\u00f1os, ni\u00f1as y adolescentes, en su mayor\u00eda centroamericanos, rescat\u00f3 y reintegr\u00f3 a su seno familiar el Instituto Nacional de Migraci\u00f3n (INM), de M\u00e9xico, entre enero del 2013 a mayo del 2014, seg\u00fan la publicaci\u00f3n Quadrat\u00edn.<\/p>\n<p>Los menores proven\u00edan principalmente de Honduras, Guatemala, El Salvador y Nicaragua, que pretend\u00edan llegar a los Estados Unidos.<\/p>\n<p>Seg\u00fan un comunicado, ante la magnitud de la problem\u00e1tica que representan los flujos migratorios en M\u00e9xico, el gobierno atiende en coordinaci\u00f3n con Estados Unidos y pa\u00edses de Centro y Sudam\u00e9rica, a los migrantes, privilegiando la uni\u00f3n familiar, integridad f\u00edsica, emocional y psicol\u00f3gica.<\/p>\n<p>Seg\u00fan la publicaci\u00f3n, M\u00e9xico ha atendido la problem\u00e1tica de las migraciones de extranjeros que se internan y transitan por su territorio, en 2012 fueron retornados a sus lugares de origen 5 mil 966 ni\u00f1os, ni\u00f1as y adolescentes extranjeros, en 2013 el n\u00famero fue de 8 mil 577 menores de edad, y de enero a mayo del 2014 se han atendido a 6 mil 330.<\/p>\n<p>Los menores de edad que fueron llevados a sus pa\u00edses de origen, estuvieron permanentemente acompa\u00f1ados por los Oficiales de Protecci\u00f3n a la Infancia (OPI\u00b4S) del INM quienes les proporcionaron atenci\u00f3n y asistencia hasta entregarlos con sus familias, evitando que fueran v\u00edctimas de il\u00edcitos como la trata y tr\u00e1fico de personas, abuso sexual y laboral, as\u00ed como de secuestros.<\/p>\n<p>Los OPI\u00b4S son agentes federales que cuentan con especializaci\u00f3n en el trato de menores, y reciben capacitaci\u00f3n permanente del Sistema Nacional para el Desarrollo Integral de la Familia (SNDIF), la Organizaci\u00f3n Internacional de las Migraciones (OIM), Fondo de Naciones Unidas para la Infancia (UNICEF), de la oficina del Alto Comisionado de las Naciones Unidas para los Refugiados (ACNUR), entre otras.<\/p>\n","protected":false},"excerpt":{"rendered":"<p>Un total de 14,907 ni\u00f1os, ni\u00f1as y adolescentes, en su mayor\u00eda centroamericanos, rescat\u00f3 y reintegr\u00f3 a su seno familiar el Instituto Nacional de Migraci\u00f3n (INM), de M\u00e9xico, entre enero del 2013 a mayo del 2014, seg\u00fan la publicaci\u00f3n Quadrat\u00edn. Los menores proven\u00edan principalmente de Honduras, Guatemala, El Salvador y Nicaragua, que pretend\u00edan llegar a los [&hellip;]<\/p>\n","protected":false},"author":1,"featured_media":32675,"comment_status":"open","ping_status":"open","sticky":false,"template":"","format":"standard","meta":{"om_disable_all_campaigns":false,"_monsterinsights_skip_tracking":false,"_monsterinsights_sitenote_active":false,"_monsterinsights_sitenote_note":"","_monsterinsights_sitenote_category":0,"footnotes":""},"categories":[16,3524],"tags":[],"class_list":["post-32674","post","type-post","status-publish","format-standard","has-post-thumbnail","hentry","category-migrante","category-noticas"],"aioseo_notices":[],"_links":{"self":[{"href":"https:\/\/elcronistadigital.com\/index.php?rest_route=\/wp\/v2\/posts\/32674","targetHints":{"allow":["GET"]}}],"collection":[{"href":"https:\/\/elcronistadigital.com\/index.php?rest_route=\/wp\/v2\/posts"}],"about":[{"href":"https:\/\/elcronistadigital.com\/index.php?rest_route=\/wp\/v2\/types\/post"}],"author":[{"embeddable":true,"href":"https:\/\/elcronistadigital.com\/index.php?rest_route=\/wp\/v2\/users\/1"}],"replies":[{"embeddable":true,"href":"https:\/\/elcronistadigital.com\/index.php?rest_route=%2Fwp%2Fv2%2Fcomments&post=32674"}],"version-history":[{"count":1,"href":"https:\/\/elcronistadigital.com\/index.php?rest_route=\/wp\/v2\/posts\/32674\/revisions"}],"predecessor-version":[{"id":32676,"href":"https:\/\/elcronistadigital.com\/index.php?rest_route=\/wp\/v2\/posts\/32674\/revisions\/32676"}],"wp:featuredmedia":[{"embeddable":true,"href":"https:\/\/elcronistadigital.com\/index.php?rest_route=\/wp\/v2\/media\/32675"}],"wp:attachment":[{"href":"https:\/\/elcronistadigital.com\/index.php?rest_route=%2Fwp%2Fv2%2Fmedia&parent=32674"}],"wp:term":[{"taxonomy":"category","embeddable":true,"href":"https:\/\/elcronistadigital.com\/index.php?rest_route=%2Fwp%2Fv2%2Fcategories&post=32674"},{"taxonomy":"post_tag","embeddable":true,"href":"https:\/\/elcronistadigital.com\/index.php?rest_route=%2Fwp%2Fv2%2Ftags&post=32674"}],"curies":[{"name":"wp","href":"https:\/\/api.w.org\/{rel}","templated":true}]}}