{"id":32680,"date":"2014-06-12T08:10:24","date_gmt":"2014-06-12T14:10:24","guid":{"rendered":"http:\/\/elcronistadigital.com\/?p=32680"},"modified":"2014-06-12T11:25:12","modified_gmt":"2014-06-12T17:25:12","slug":"teatro-infantil-el-nica-mas-picaro","status":"publish","type":"post","link":"https:\/\/elcronistadigital.com\/?p=32680","title":{"rendered":"Teatro infantil: \u00abEl nica m\u00e1s p\u00edcaro\u00bb"},"content":{"rendered":"<p><a href=\"https:\/\/elcronistadigital.com\/?attachment_id=32681\" rel=\"attachment wp-att-32681\"><img loading=\"lazy\" decoding=\"async\" class=\"alignleft size-full wp-image-32681\" alt=\"teatro infantil\" src=\"https:\/\/elcronistadigital.com\/wp-content\/uploads\/2014\/06\/teatro-infantil.jpg\" width=\"850\" height=\"315\" srcset=\"https:\/\/elcronistadigital.com\/wp-content\/uploads\/2014\/06\/teatro-infantil.jpg 850w, https:\/\/elcronistadigital.com\/wp-content\/uploads\/2014\/06\/teatro-infantil-300x111.jpg 300w, https:\/\/elcronistadigital.com\/wp-content\/uploads\/2014\/06\/teatro-infantil-342x126.jpg 342w\" sizes=\"auto, (max-width: 850px) 100vw, 850px\" \/><\/a>S\u00e1bados Infantiles de Artes Esc\u00e9nicas nos acerca al grupo: \u00abExtra Teatro y T\u00edteres\u00bb que presentar\u00e1 el s\u00e1bado 14 de junio su obra \u00abEl nica m\u00e1s p\u00edcaro\u00bb, con entrada libre.<\/p>\n<p>La actividad inicia a las 3:00 p.m. con una din\u00e1mica de estimulaci\u00f3n de la lectura y el acercamiento a la literatura infantil y juvenil en la biblioteca del Centro Cultural de Espa\u00f1a, en Nicaragua<\/p>\n<p>La temporada anual de grupos nicarag\u00fcenses de artes esc\u00e9nicas para infancia, es una iniciativa del Centro Cultural de Espa\u00f1a en Nicaragua en alianza con la Asociaci\u00f3n Internacional de Teatros para Infancia y Juventud capitulo Nicaragua, Nicassitej, que se crea con el prop\u00f3sito de estimular la recreaci\u00f3n sana y el tiempo libre de nuestra ni\u00f1ez y a su vez incentivar la actividad laboral para los artistas.<\/p>\n","protected":false},"excerpt":{"rendered":"<p>S\u00e1bados Infantiles de Artes Esc\u00e9nicas nos acerca al grupo: \u00abExtra Teatro y T\u00edteres\u00bb que presentar\u00e1 el s\u00e1bado 14 de junio su obra \u00abEl nica m\u00e1s p\u00edcaro\u00bb, con entrada libre. La actividad inicia a las 3:00 p.m. con una din\u00e1mica de estimulaci\u00f3n de la lectura y el acercamiento a la literatura infantil y juvenil en la [&hellip;]<\/p>\n","protected":false},"author":1,"featured_media":32681,"comment_status":"open","ping_status":"open","sticky":false,"template":"","format":"standard","meta":{"om_disable_all_campaigns":false,"_monsterinsights_skip_tracking":false,"_monsterinsights_sitenote_active":false,"_monsterinsights_sitenote_note":"","_monsterinsights_sitenote_category":0,"footnotes":""},"categories":[3,10],"tags":[],"class_list":["post-32680","post","type-post","status-publish","format-standard","has-post-thumbnail","hentry","category-nacionales","category-cultura"],"aioseo_notices":[],"_links":{"self":[{"href":"https:\/\/elcronistadigital.com\/index.php?rest_route=\/wp\/v2\/posts\/32680","targetHints":{"allow":["GET"]}}],"collection":[{"href":"https:\/\/elcronistadigital.com\/index.php?rest_route=\/wp\/v2\/posts"}],"about":[{"href":"https:\/\/elcronistadigital.com\/index.php?rest_route=\/wp\/v2\/types\/post"}],"author":[{"embeddable":true,"href":"https:\/\/elcronistadigital.com\/index.php?rest_route=\/wp\/v2\/users\/1"}],"replies":[{"embeddable":true,"href":"https:\/\/elcronistadigital.com\/index.php?rest_route=%2Fwp%2Fv2%2Fcomments&post=32680"}],"version-history":[{"count":1,"href":"https:\/\/elcronistadigital.com\/index.php?rest_route=\/wp\/v2\/posts\/32680\/revisions"}],"predecessor-version":[{"id":32682,"href":"https:\/\/elcronistadigital.com\/index.php?rest_route=\/wp\/v2\/posts\/32680\/revisions\/32682"}],"wp:featuredmedia":[{"embeddable":true,"href":"https:\/\/elcronistadigital.com\/index.php?rest_route=\/wp\/v2\/media\/32681"}],"wp:attachment":[{"href":"https:\/\/elcronistadigital.com\/index.php?rest_route=%2Fwp%2Fv2%2Fmedia&parent=32680"}],"wp:term":[{"taxonomy":"category","embeddable":true,"href":"https:\/\/elcronistadigital.com\/index.php?rest_route=%2Fwp%2Fv2%2Fcategories&post=32680"},{"taxonomy":"post_tag","embeddable":true,"href":"https:\/\/elcronistadigital.com\/index.php?rest_route=%2Fwp%2Fv2%2Ftags&post=32680"}],"curies":[{"name":"wp","href":"https:\/\/api.w.org\/{rel}","templated":true}]}}