{"id":32690,"date":"2014-06-12T18:27:51","date_gmt":"2014-06-13T00:27:51","guid":{"rendered":"http:\/\/elcronistadigital.com\/?p=32690"},"modified":"2014-06-12T18:27:51","modified_gmt":"2014-06-13T00:27:51","slug":"el-flaco-grave-tras-tiroteo-en-honduras","status":"publish","type":"post","link":"https:\/\/elcronistadigital.com\/?p=32690","title":{"rendered":"\u201cEl Flaco\u201d grave tras tiroteo en Honduras"},"content":{"rendered":"<div id=\"attachment_32691\" style=\"width: 309px\" class=\"wp-caption alignleft\"><a href=\"https:\/\/elcronistadigital.com\/?attachment_id=32691\" rel=\"attachment wp-att-32691\"><img loading=\"lazy\" decoding=\"async\" aria-describedby=\"caption-attachment-32691\" class=\"size-full wp-image-32691\" alt=\"Gerardo de Jes\u00fas Guti\u00e9rrez, alias &quot;El Flaco&quot;.\" src=\"https:\/\/elcronistadigital.com\/wp-content\/uploads\/2014\/06\/Gerardo-de-Jes\u00fas-Guti\u00e9rrez-2.jpg\" width=\"299\" height=\"352\" srcset=\"https:\/\/elcronistadigital.com\/wp-content\/uploads\/2014\/06\/Gerardo-de-Jes\u00fas-Guti\u00e9rrez-2.jpg 299w, https:\/\/elcronistadigital.com\/wp-content\/uploads\/2014\/06\/Gerardo-de-Jes\u00fas-Guti\u00e9rrez-2-254x300.jpg 254w\" sizes=\"auto, (max-width: 299px) 100vw, 299px\" \/><\/a><p id=\"caption-attachment-32691\" class=\"wp-caption-text\">Gerardo de Jes\u00fas Guti\u00e9rrez, alias \u00abEl Flaco\u00bb.<\/p><\/div>\n<p>Gravemente herido result\u00f3 el pasado martes 10 de junio, Gerardo de Jes\u00fas Guti\u00e9rrez, alias \u201cEl Flaco\u201d, quien se hac\u00eda pasar como jefe del grupo delincuencial Fuerza Democr\u00e1tica Comandante 380 (FDC-380), al producirse un tiroteo con una banda rival.<\/p>\n<p>Fuentes provenientes de Honduras precisan que el peque\u00f1o combate ocurri\u00f3 en el sector de El Volcancito, Danl\u00ed, a 20 kil\u00f3metros de la frontera con Nicaragua.<\/p>\n<p>De acuerdo a nuestras fuentes, \u201cEl Flaco\u201d y su banda, al igual que el grupo que lo atac\u00f3 en territorio del pa\u00eds vecino, se dedican a la extorsi\u00f3n, el abigeato y el crimen organizado, lo que incluye el narcotr\u00e1fico.<\/p>\n<p>Seg\u00fan informaci\u00f3n publicada en fechas pasadas por medios de prensa de Nicaragua, Guti\u00e9rrez es se\u00f1alado en nuestros pa\u00eds por diversos delitos, entre ellos cr\u00edmenes contra campesinos y productores en los sectores por donde se movilizaba con su banda antes de huir a territorio hondure\u00f1o.<\/p>\n","protected":false},"excerpt":{"rendered":"<p>Gravemente herido result\u00f3 el pasado martes 10 de junio, Gerardo de Jes\u00fas Guti\u00e9rrez, alias \u201cEl Flaco\u201d, quien se hac\u00eda pasar como jefe del grupo delincuencial Fuerza Democr\u00e1tica Comandante 380 (FDC-380), al producirse un tiroteo con una banda rival. Fuentes provenientes de Honduras precisan que el peque\u00f1o combate ocurri\u00f3 en el sector de El Volcancito, Danl\u00ed, [&hellip;]<\/p>\n","protected":false},"author":1,"featured_media":32691,"comment_status":"open","ping_status":"open","sticky":false,"template":"","format":"standard","meta":{"om_disable_all_campaigns":false,"_monsterinsights_skip_tracking":false,"_monsterinsights_sitenote_active":false,"_monsterinsights_sitenote_note":"","_monsterinsights_sitenote_category":0,"footnotes":""},"categories":[3524,13],"tags":[3963],"class_list":["post-32690","post","type-post","status-publish","format-standard","has-post-thumbnail","hentry","category-noticas","category-portada","tag-gerardo-de-jesus-gutierrez"],"aioseo_notices":[],"_links":{"self":[{"href":"https:\/\/elcronistadigital.com\/index.php?rest_route=\/wp\/v2\/posts\/32690","targetHints":{"allow":["GET"]}}],"collection":[{"href":"https:\/\/elcronistadigital.com\/index.php?rest_route=\/wp\/v2\/posts"}],"about":[{"href":"https:\/\/elcronistadigital.com\/index.php?rest_route=\/wp\/v2\/types\/post"}],"author":[{"embeddable":true,"href":"https:\/\/elcronistadigital.com\/index.php?rest_route=\/wp\/v2\/users\/1"}],"replies":[{"embeddable":true,"href":"https:\/\/elcronistadigital.com\/index.php?rest_route=%2Fwp%2Fv2%2Fcomments&post=32690"}],"version-history":[{"count":1,"href":"https:\/\/elcronistadigital.com\/index.php?rest_route=\/wp\/v2\/posts\/32690\/revisions"}],"predecessor-version":[{"id":32692,"href":"https:\/\/elcronistadigital.com\/index.php?rest_route=\/wp\/v2\/posts\/32690\/revisions\/32692"}],"wp:featuredmedia":[{"embeddable":true,"href":"https:\/\/elcronistadigital.com\/index.php?rest_route=\/wp\/v2\/media\/32691"}],"wp:attachment":[{"href":"https:\/\/elcronistadigital.com\/index.php?rest_route=%2Fwp%2Fv2%2Fmedia&parent=32690"}],"wp:term":[{"taxonomy":"category","embeddable":true,"href":"https:\/\/elcronistadigital.com\/index.php?rest_route=%2Fwp%2Fv2%2Fcategories&post=32690"},{"taxonomy":"post_tag","embeddable":true,"href":"https:\/\/elcronistadigital.com\/index.php?rest_route=%2Fwp%2Fv2%2Ftags&post=32690"}],"curies":[{"name":"wp","href":"https:\/\/api.w.org\/{rel}","templated":true}]}}